{"id":73629,"date":"2025-06-16T23:52:53","date_gmt":"2025-06-17T03:52:53","guid":{"rendered":"https:\/\/eldiarioantillano.com\/uno\/?p=73629"},"modified":"2025-06-16T23:58:29","modified_gmt":"2025-06-17T03:58:29","slug":"prensa-latina-66-anos-de-resistencia","status":"publish","type":"post","link":"https:\/\/eldiarioantillano.com\/uno\/2025\/06\/16\/prensa-latina-66-anos-de-resistencia\/","title":{"rendered":"Prensa Latina: 66 a\u00f1os de resistencia"},"content":{"rendered":"\n<p>Por Jorge Luna<br>Periodista de Prensa Latina<\/p>\n\n\n\n<p>La Habana (Prensa Latina) Desde su nacimiento, el 16 de junio de 1959, la Agencia Informativa Latinoamericana Prensa Latina tuvo que resistir los ataques, primero, de la contrarrevoluci\u00f3n cubana, y luego -hasta hoy-, del gobierno de Estados Unidos.<\/p>\n\n\n\n<p>La nueva agencia, cuya misi\u00f3n era y es difundir internacionalmente la verdad de Cuba, naci\u00f3, pues, en emergencia y, salvo algunos per\u00edodos de paz relativa, cumple 66 a\u00f1os tambi\u00e9n en emergencia, sometida a las mismas agresiones del bloqueo que Washington aplica a Cuba desde hace m\u00e1s de seis d\u00e9cadas.<\/p>\n\n\n\n<p>Roberto Agudo, uno de los fundadores de la agencia, en un testimonio hist\u00f3rico, se\u00f1al\u00f3 que \u201cdesde el primer momento, la isla fue azotada por bandas armadas, que realizaban sabotajes y preparaban atentados terroristas\u201d.<\/p>\n\n\n\n<p>Revel\u00f3 al respecto que -previendo lo peor y siguiendo instrucciones precisas- el primer director de Prensa Latina, Jorge Ricardo Masetti, organiz\u00f3 en secreto un grupo especial para poder \u201csacar al aire las transmisiones bajo cualquier circunstancia, desde Cuba u otro pa\u00eds, desde un barco, el monte, cualquier lugar; pero ten\u00edan que salir\u201d.<\/p>\n\n\n\n<p>Inicialmente, fueron unos 10 periodistas, tres t\u00e9cnicos en radiocomunicaciones, telegraf\u00eda y teletipos y un fot\u00f3grafo-camar\u00f3grafo, que ten\u00edan que \u201caprender de todo\u201d, desde conocer el sistema de clave Morse, entrenarse en marchas prolongadas y en tiro con distintos tipos de armas.<\/p>\n\n\n\n<p>Menos mal, porque en 1961, con apenas un a\u00f1o y medio de vida, Prensa Latina tuvo su primera prueba de fuego: Cuba era objeto del intento de invasi\u00f3n mercenaria por Playa Gir\u00f3n, que ser\u00eda derrotada en menos de 72 horas.<\/p>\n\n\n\n<p>Miguel Vi\u00f1as, un joven fot\u00f3grafo de la nueva agencia, fue enviado a Playa Gir\u00f3n para poder graficar las acciones combativas. A su regreso, asediado sobre esa experiencia, a todos les contaba con orgullo que hab\u00eda tirado m\u00e1s tiros que los a\u00f1os que iba a vivir.<\/p>\n\n\n\n<p>Mis an\u00e9cdotas terminaron cuando fui llamado por Masetti y me dijo que esa no era la misi\u00f3n encomendada, que deb\u00eda tener por fusil la c\u00e1mara y que en lugar de tirar tiros deb\u00ed tirar fotos, para as\u00ed tener un testimonio gr\u00e1fico y denunciar al mundo al agresor, relat\u00f3 Vi\u00f1as.<\/p>\n\n\n\n<p>A su vez, el reconocido poeta cubano \u00c1ngel Augier, tambi\u00e9n fundador de la agencia, record\u00f3 que estaba de jefe de redacci\u00f3n y todos los trabajadores -convertidos ahora en corresponsales de guerra- quedaron acuartelados en la agencia, durmiendo por ratos en el piso los tres d\u00edas de la invasi\u00f3n.<\/p>\n\n\n\n<p>En la madrugada del \u00faltimo d\u00eda, ante la inminente victoria, Augier conversaba con Masetti cuando -mediante una llamada telef\u00f3nica- el presidente Osvaldo Dortic\u00f3s les dict\u00f3 el comunicado No. 4 del Comandante en Jefe Fidel Castro. Prensa Latina deb\u00eda difundirlo a todos los peri\u00f3dicos.<\/p>\n\n\n\n<p>Ese mismo a\u00f1o, cuando Prensa Latina hab\u00eda logrado abrir sus primeras 16 oficinas, comenzaron las agresiones a sus corresponsales y colaboradores dificultando sus tr\u00e1mites de visado, legalizaci\u00f3n de las sucursales y la contrataci\u00f3n de equipos y conexiones comunicacionales, as\u00ed como de sus servicios noticiosos.<\/p>\n\n\n\n<p>En algunos lugares, los periodistas de Prensa Latina fueron perseguidos y expulsados a petici\u00f3n de la Sociedad Interamericana de Prensa (SIP) que exhortaba a los medios latinoamericanos a no publicar los servicios de la nueva agencia.<\/p>\n\n\n\n<p>A fines de 1961, el veterano periodista cubano y primer corresponsal de Prensa Latina en Nueva York, Francisco V. Portela, con m\u00e1s de 11 a\u00f1os de residencia en Estados Unidos, fue detenido por agentes del FBI, tras allanar su oficina.<\/p>\n\n\n\n<p>Ten\u00edan \u00f3rdenes de la Fiscal\u00eda General de Estados Unidos -entonces regenteada por Robert Kennedy- debido a nuestra negativa de registrarnos como agente de un gobierno extranjero, y de tampoco inscribir como tal a la Agencia Prensa Latina. La Fiscal\u00eda General lo hab\u00eda exigido en dos cartas previas que hab\u00edan sido respondidas negativamente por nuestra parte, precis\u00f3 Portela.<\/p>\n\n\n\n<p>Esposado, me llevaron a la central del FBI en Nueva York, donde me interrogaron, tomaron las huellas digitales y fotografiaron con el cl\u00e1sico cartelito con el n\u00famero que nos iba a identificar para siempre en sus archivos. Luego, en el edificio de los tribunales, el fiscal me impuso una fianza de 15 mil d\u00f3lares, a la espera de un juicio.<\/p>\n\n\n\n<p>Esposado de nuevo, me trasladaron a la c\u00e1rcel federal neoyorquina y me encerraron en un aislado cub\u00edculo en el centro de una inmensa nave enrejada llena de delincuentes comunes. A m\u00ed me consideraban un peligroso preso pol\u00edtico.<\/p>\n\n\n\n<p>Poco despu\u00e9s de que Portela fuera sometido a juicio, en abril de 1962, las oficinas de Prensa Latina fueron asaltadas por contrarrevolucionarios armados, que ataron a los cuatro empleados, los golpearon salvajemente y destrozaron la corresponsal\u00eda.<\/p>\n\n\n\n<p>Hay muchos m\u00e1s ejemplos de hostilidad contra la agencia, incluyendo el asesinato del periodista chileno y colaborador de Prensa Latina Elmo Catal\u00e1n Avil\u00e9s y su compa\u00f1era Jenny Koeller, en Bolivia, en junio de 1970. En abril de 1972, tambi\u00e9n fueron asesinados el periodista uruguayo Luis Nelson Martirena y su esposa Ivette Jim\u00e9nez, corresponsales en Montevideo.<\/p>\n\n\n\n<p>El 11 de septiembre de 1973, la oficina de Prensa Latina en Santiago de Chile fue allanada por soldados del r\u00e9gimen golpista de Augusto Pinochet y sus periodistas expulsados del pa\u00eds. Fueron varias las acciones contra oficinas de Prensa Latina en los a\u00f1os posteriores.<\/p>\n\n\n\n<p>Pese al incremento de los ataques, la agencia nunca descuid\u00f3 su misi\u00f3n principal y actualmente cuenta con casi 40 sucursales en Am\u00e9rica Latina, Europa, Asia y \u00c1frica, adem\u00e1s de la de la ONU en Nueva York.<\/p>\n\n\n\n<p>Con 17 sitios web, continu\u00f3 modernizando su tecnolog\u00eda, ampliando sus circuitos de comunicaci\u00f3n y convenios de colaboraci\u00f3n con otras agencias, as\u00ed como diversificando sus servicios y productos period\u00edsticos en diferentes idiomas. Aparte de transmitir m\u00e1s de 300 despachos diarios, la agencia desarroll\u00f3 departamentos de radio, televisi\u00f3n y de edici\u00f3n de libros, revistas y boletines.<\/p>\n\n\n\n<p>A lo largo de los a\u00f1os ampli\u00f3 su participaci\u00f3n internacional y lleg\u00f3 a presidir el Pool de Agencias de los Pa\u00edses No Alineados. La agencia ha estado presente en los m\u00e1s importantes eventos internacionales sobre periodismo en el Sur Global.<\/p>\n\n\n\n<p>Recientemente organiz\u00f3 la \u201cNueva Operaci\u00f3n Verdad\u201d, que reuni\u00f3 en La Habana a casi un centenar de periodistas extranjeros que reclamaban trabajar hacia el establecimiento de un nuevo orden informativo internacional. All\u00ed surgi\u00f3 \u201cVoces del Sur Global\u201d (https:\/\/vocesdelsur.prensa-latina.cu) una nueva plataforma que reproduce diariamente decenas de art\u00edculos de medios antihegem\u00f3nicos del mundo.<\/p>\n\n\n\n<p>Prensa Latina en ese sentido es \u00fanica, pues ninguna otra agencia naci\u00f3, se desarroll\u00f3 y se consolid\u00f3 sometida a tanta violencia ni a tantos obst\u00e1culos, m\u00e1s all\u00e1 del cotidiano desaf\u00edo del periodismo internacional en tiempos revueltos.<\/p>\n\n\n\n<p>Como las dem\u00e1s agencias, Prensa Latina procura informar con inmediatez. Pero, como ense\u00f1\u00f3 Masetti: somos objetivos, pero no imparciales (pues, no se puede ser imparcial entre el bien y el mal). Adem\u00e1s, tiene siempre que resistir, crecer y vencer.<\/p>\n\n\n\n<p>arb\/jl<\/p>\n","protected":false},"excerpt":{"rendered":"<p>Por Jorge LunaPeriodista de Prensa Latina La Habana (Prensa Latina) Desde su nacimiento, el 16&hellip;<\/p>\n","protected":false},"author":2,"featured_media":73627,"comment_status":"open","ping_status":"open","sticky":false,"template":"","format":"standard","meta":{"footnotes":""},"categories":[52,53],"tags":[],"class_list":["post-73629","post","type-post","status-publish","format-standard","has-post-thumbnail","hentry","category-internacionales","category-prensa-latina"],"_links":{"self":[{"href":"https:\/\/eldiarioantillano.com\/uno\/wp-json\/wp\/v2\/posts\/73629","targetHints":{"allow":["GET"]}}],"collection":[{"href":"https:\/\/eldiarioantillano.com\/uno\/wp-json\/wp\/v2\/posts"}],"about":[{"href":"https:\/\/eldiarioantillano.com\/uno\/wp-json\/wp\/v2\/types\/post"}],"author":[{"embeddable":true,"href":"https:\/\/eldiarioantillano.com\/uno\/wp-json\/wp\/v2\/users\/2"}],"replies":[{"embeddable":true,"href":"https:\/\/eldiarioantillano.com\/uno\/wp-json\/wp\/v2\/comments?post=73629"}],"version-history":[{"count":1,"href":"https:\/\/eldiarioantillano.com\/uno\/wp-json\/wp\/v2\/posts\/73629\/revisions"}],"predecessor-version":[{"id":73630,"href":"https:\/\/eldiarioantillano.com\/uno\/wp-json\/wp\/v2\/posts\/73629\/revisions\/73630"}],"wp:featuredmedia":[{"embeddable":true,"href":"https:\/\/eldiarioantillano.com\/uno\/wp-json\/wp\/v2\/media\/73627"}],"wp:attachment":[{"href":"https:\/\/eldiarioantillano.com\/uno\/wp-json\/wp\/v2\/media?parent=73629"}],"wp:term":[{"taxonomy":"category","embeddable":true,"href":"https:\/\/eldiarioantillano.com\/uno\/wp-json\/wp\/v2\/categories?post=73629"},{"taxonomy":"post_tag","embeddable":true,"href":"https:\/\/eldiarioantillano.com\/uno\/wp-json\/wp\/v2\/tags?post=73629"}],"curies":[{"name":"wp","href":"https:\/\/api.w.org\/{rel}","templated":true}]}}