{"id":73592,"date":"2025-06-15T00:03:00","date_gmt":"2025-06-15T04:03:00","guid":{"rendered":"https:\/\/eldiarioantillano.com\/uno\/?p=73592"},"modified":"2025-06-14T21:06:36","modified_gmt":"2025-06-15T01:06:36","slug":"delegacion-de-peravia-presenta-plan-de-desarrollo-en-ny-nj-boston-y-lawrence","status":"publish","type":"post","link":"https:\/\/eldiarioantillano.com\/uno\/2025\/06\/15\/delegacion-de-peravia-presenta-plan-de-desarrollo-en-ny-nj-boston-y-lawrence\/","title":{"rendered":"Delegaci\u00f3n de Peravia presenta Plan de Desarrollo en NY, NJ, Boston y Lawrence"},"content":{"rendered":"\n<figure class=\"wp-block-image size-large\"><img fetchpriority=\"high\" decoding=\"async\" width=\"768\" height=\"1024\" src=\"https:\/\/eldiarioantillano.com\/uno\/wp-content\/uploads\/2025\/06\/IMG-20250614-WA0022-768x1024.jpg\" alt=\"\" class=\"wp-image-73594\" style=\"aspect-ratio:16\/9;object-fit:cover\" srcset=\"https:\/\/eldiarioantillano.com\/uno\/wp-content\/uploads\/2025\/06\/IMG-20250614-WA0022-768x1024.jpg 768w, https:\/\/eldiarioantillano.com\/uno\/wp-content\/uploads\/2025\/06\/IMG-20250614-WA0022-225x300.jpg 225w, https:\/\/eldiarioantillano.com\/uno\/wp-content\/uploads\/2025\/06\/IMG-20250614-WA0022-585x780.jpg 585w, https:\/\/eldiarioantillano.com\/uno\/wp-content\/uploads\/2025\/06\/IMG-20250614-WA0022.jpg 780w\" sizes=\"(max-width: 768px) 100vw, 768px\" \/><\/figure>\n\n\n\n<p>El c\u00f3nsul dominicano en Nueva York, Jes\u00fas (Chu) V\u00e1squez, saluda al senador Julito Fulcar en la presentaci\u00f3n del Plan de Desarrollo Sostenible de Peravia 2025-55.\u00a0<\/p>\n\n\n\n<figure class=\"wp-block-embed is-type-video is-provider-youtube wp-block-embed-youtube wp-embed-aspect-16-9 wp-has-aspect-ratio\"><div class=\"wp-block-embed__wrapper\">\n<iframe title=\"Delegaci\u00f3n de la provincia Peravia expuso en EE.\u00a0UU. su Plan Estrat\u00e9gico de Desarrollo Sostenible\" width=\"1170\" height=\"658\" src=\"https:\/\/www.youtube.com\/embed\/7IviPQVT1sU?feature=oembed\" frameborder=\"0\" allow=\"accelerometer; autoplay; clipboard-write; encrypted-media; gyroscope; picture-in-picture; web-share\" referrerpolicy=\"strict-origin-when-cross-origin\" allowfullscreen><\/iframe>\n<\/div><\/figure>\n","protected":false},"excerpt":{"rendered":"<p>El c\u00f3nsul dominicano en Nueva York, Jes\u00fas (Chu) V\u00e1squez, saluda al senador Julito Fulcar en&hellip;<\/p>\n","protected":false},"author":2,"featured_media":73594,"comment_status":"open","ping_status":"open","sticky":false,"template":"","format":"standard","meta":{"footnotes":""},"categories":[52],"tags":[],"class_list":["post-73592","post","type-post","status-publish","format-standard","has-post-thumbnail","hentry","category-internacionales"],"_links":{"self":[{"href":"https:\/\/eldiarioantillano.com\/uno\/wp-json\/wp\/v2\/posts\/73592","targetHints":{"allow":["GET"]}}],"collection":[{"href":"https:\/\/eldiarioantillano.com\/uno\/wp-json\/wp\/v2\/posts"}],"about":[{"href":"https:\/\/eldiarioantillano.com\/uno\/wp-json\/wp\/v2\/types\/post"}],"author":[{"embeddable":true,"href":"https:\/\/eldiarioantillano.com\/uno\/wp-json\/wp\/v2\/users\/2"}],"replies":[{"embeddable":true,"href":"https:\/\/eldiarioantillano.com\/uno\/wp-json\/wp\/v2\/comments?post=73592"}],"version-history":[{"count":1,"href":"https:\/\/eldiarioantillano.com\/uno\/wp-json\/wp\/v2\/posts\/73592\/revisions"}],"predecessor-version":[{"id":73595,"href":"https:\/\/eldiarioantillano.com\/uno\/wp-json\/wp\/v2\/posts\/73592\/revisions\/73595"}],"wp:featuredmedia":[{"embeddable":true,"href":"https:\/\/eldiarioantillano.com\/uno\/wp-json\/wp\/v2\/media\/73594"}],"wp:attachment":[{"href":"https:\/\/eldiarioantillano.com\/uno\/wp-json\/wp\/v2\/media?parent=73592"}],"wp:term":[{"taxonomy":"category","embeddable":true,"href":"https:\/\/eldiarioantillano.com\/uno\/wp-json\/wp\/v2\/categories?post=73592"},{"taxonomy":"post_tag","embeddable":true,"href":"https:\/\/eldiarioantillano.com\/uno\/wp-json\/wp\/v2\/tags?post=73592"}],"curies":[{"name":"wp","href":"https:\/\/api.w.org\/{rel}","templated":true}]}}