{"id":73571,"date":"2025-06-14T00:00:00","date_gmt":"2025-06-14T04:00:00","guid":{"rendered":"https:\/\/eldiarioantillano.com\/uno\/?p=73571"},"modified":"2025-06-14T00:18:09","modified_gmt":"2025-06-14T04:18:09","slug":"protestas-se-extienden-por-ee-uu-una-semana-despues-de-los-angeles","status":"publish","type":"post","link":"https:\/\/eldiarioantillano.com\/uno\/2025\/06\/14\/protestas-se-extienden-por-ee-uu-una-semana-despues-de-los-angeles\/","title":{"rendered":"Protestas se extienden por EE.\u00a0UU. una semana despu\u00e9s de Los \u00c1ngeles"},"content":{"rendered":"\n<p>Washington, 13 jun (Prensa Latina) Las protestas se extienden a ciudades de todo Estados Unidos a una semana hoy de estallar la indignaci\u00f3n en Los \u00c1ngeles, por las redadas del Servicio de Inmigraci\u00f3n y Control de Aduanas (ICE) contra inmigrantes.<\/p>\n\n\n\n<p>Las manifestaciones en la segunda ciudad m\u00e1s grande del pa\u00eds, despu\u00e9s de Nueva York, escalaron con la decisi\u00f3n del presidente Donald Trump de movilizar tropas de la Guardia Nacional y la Infanter\u00eda de Marina para participar en los operativos del ICE.<\/p>\n\n\n\n<p>Las redadas comenzaron el viernes pasado y continuaron durante todo el fin de semana, con enfrentamientos entre manifestantes y fuerzas del orden, lo que llev\u00f3 al Gobierno de Trump a movilizar a cuatro mil efectivos de la Guardia Nacional pese a que el gobernador de California, Gavin Newsom, no lo solicit\u00f3.<\/p>\n\n\n\n<p>Anoche, una corte federal de apelaciones suspendi\u00f3 un fallo que exig\u00eda a Trump devolver el control a California de la Guardia Nacional.<\/p>\n\n\n\n<p>El Tribunal de Apelaciones del Noveno Circuito de Estados Unidos dej\u00f3 en suspenso el veredicto del juez federal Charles Breyer \u201cen espera de una nueva orden\u201d y se program\u00f3 una audiencia sobre el caso para el martes 17 de junio.<\/p>\n\n\n\n<p>Por lo tanto, el Gobierno de Trump puede desplegar la Guardia Nacional en Los \u00c1ngeles mientras se considera la apelaci\u00f3n, declar\u00f3 el Tribunal.<\/p>\n\n\n\n<p>El juez federal de distrito Breyer consider\u00f3 que las acciones de Trump \u00abya que excedieron el alcance de su autoridad legal y violaron la D\u00e9cima Enmienda de la Constituci\u00f3n de los Estados Unidos\u00bb.<\/p>\n\n\n\n<p>En una decisi\u00f3n de 36 p\u00e1ginas, apunt\u00f3 que \u00abpor lo tanto, debe devolver el control de la Guardia Nacional de California al Gobernador del Estado de California de inmediato\u00bb.<\/p>\n\n\n\n<p>La conclusi\u00f3n de Breyer marc\u00f3 el primer desaf\u00edo en cortes a la decisi\u00f3n de Trump de poner a m\u00e1s de cuatro mil miembros de la Guardia Nacional de California bajo control federal y enviar a 700 marines en servicio activo a Los \u00c1ngeles para participar en las redadas de ICE.<\/p>\n\n\n\n<p>En un memorando del 7 de junio, Trump calific\u00f3 las protestas como \u00abuna forma de rebeli\u00f3n contra Estados Unidos\u00bb lo que le permiti\u00f3 desplegar la Guardia Nacional al amparo del T\u00edtulo 10.<\/p>\n\n\n\n<p>Tres d\u00edas despu\u00e9s, durante un discurso en una base militar, el ocupante del Despacho Oval tild\u00f3 de \u201cinvasi\u00f3n extranjera\u201d las protestas y denigr\u00f3 a Los \u00c1ngeles que \u201cha pasado de ser una de las ciudades m\u00e1s limpias, seguras y hermosas del mundo a ser un basurero con barrios enteros bajo el control de bandas transnacionales y redes criminales\u201d, subray\u00f3.<\/p>\n\n\n\n<p>Desde que el Presidente despleg\u00f3 la Guardia Nacional en Los \u00c1ngeles, han surgido protestas en otras ciudades, como Austin, Dallas, Atlanta, Boston, Nueva York, Chicago y Washington D. C.<\/p>\n\n\n\n<p>La alcaldesa de Los \u00c1ngeles, Karen Bass, impuso un toque de queda y el Departamento de Polic\u00eda inform\u00f3 que realizaron al menos 400 arrestos desde el s\u00e1bado.<\/p>\n\n\n\n<p>npg\/dfm<\/p>\n","protected":false},"excerpt":{"rendered":"<p>Washington, 13 jun (Prensa Latina) Las protestas se extienden a ciudades de todo Estados Unidos&hellip;<\/p>\n","protected":false},"author":2,"featured_media":73559,"comment_status":"open","ping_status":"open","sticky":false,"template":"","format":"standard","meta":{"footnotes":""},"categories":[52,53],"tags":[],"class_list":["post-73571","post","type-post","status-publish","format-standard","has-post-thumbnail","hentry","category-internacionales","category-prensa-latina"],"_links":{"self":[{"href":"https:\/\/eldiarioantillano.com\/uno\/wp-json\/wp\/v2\/posts\/73571","targetHints":{"allow":["GET"]}}],"collection":[{"href":"https:\/\/eldiarioantillano.com\/uno\/wp-json\/wp\/v2\/posts"}],"about":[{"href":"https:\/\/eldiarioantillano.com\/uno\/wp-json\/wp\/v2\/types\/post"}],"author":[{"embeddable":true,"href":"https:\/\/eldiarioantillano.com\/uno\/wp-json\/wp\/v2\/users\/2"}],"replies":[{"embeddable":true,"href":"https:\/\/eldiarioantillano.com\/uno\/wp-json\/wp\/v2\/comments?post=73571"}],"version-history":[{"count":1,"href":"https:\/\/eldiarioantillano.com\/uno\/wp-json\/wp\/v2\/posts\/73571\/revisions"}],"predecessor-version":[{"id":73572,"href":"https:\/\/eldiarioantillano.com\/uno\/wp-json\/wp\/v2\/posts\/73571\/revisions\/73572"}],"wp:featuredmedia":[{"embeddable":true,"href":"https:\/\/eldiarioantillano.com\/uno\/wp-json\/wp\/v2\/media\/73559"}],"wp:attachment":[{"href":"https:\/\/eldiarioantillano.com\/uno\/wp-json\/wp\/v2\/media?parent=73571"}],"wp:term":[{"taxonomy":"category","embeddable":true,"href":"https:\/\/eldiarioantillano.com\/uno\/wp-json\/wp\/v2\/categories?post=73571"},{"taxonomy":"post_tag","embeddable":true,"href":"https:\/\/eldiarioantillano.com\/uno\/wp-json\/wp\/v2\/tags?post=73571"}],"curies":[{"name":"wp","href":"https:\/\/api.w.org\/{rel}","templated":true}]}}