{"id":73557,"date":"2025-06-13T23:36:12","date_gmt":"2025-06-14T03:36:12","guid":{"rendered":"https:\/\/eldiarioantillano.com\/uno\/?p=73557"},"modified":"2025-06-13T23:36:13","modified_gmt":"2025-06-14T03:36:13","slug":"presidente-de-iran-promete-respuesta-energica-tras-ataque-de-israel","status":"publish","type":"post","link":"https:\/\/eldiarioantillano.com\/uno\/2025\/06\/13\/presidente-de-iran-promete-respuesta-energica-tras-ataque-de-israel\/","title":{"rendered":"Presidente de Ir\u00e1n promete respuesta en\u00e9rgica tras ataque de Israel"},"content":{"rendered":"\n<p>Teher\u00e1n, 13 jun (Prensa Latina) El presidente Masoud Pezeshkian calific\u00f3 hoy el ataque de Israel contra Ir\u00e1n como una acci\u00f3n brutal que revela la naturaleza criminal del r\u00e9gimen y prometi\u00f3 una respuesta en\u00e9rgica.<br>En un mensaje emitido el viernes despu\u00e9s de las agresiones a\u00e9reas israel\u00edes contra la capital, Teher\u00e1n, y otros lugares del pa\u00eds, el mandatario enfatiz\u00f3 que la Rep\u00fablica Isl\u00e1mica responder\u00e1 a la ofensiva israel\u00ed de manera sabia, fuerte y decidida.<\/p>\n\n\n\n<p>A su vez, Pezeshkian llam\u00f3 al pueblo iran\u00ed a mantener la unidad frente a la guerra psicol\u00f3gica del enemigo.<\/p>\n\n\n\n<p>Este acto b\u00e1rbaro, que viola completamente todos los compromisos internacionales, revela la naturaleza criminal del r\u00e9gimen sionista, cuya existencia se basa en la ocupaci\u00f3n, la agresi\u00f3n y el asesinato de ni\u00f1os, denunci\u00f3.<\/p>\n\n\n\n<p>De acuerdo con el gobernante, as\u00ed como la Rep\u00fablica Isl\u00e1mica siempre hizo los m\u00e1ximos esfuerzos para mantener la paz en la regi\u00f3n y el mundo, y demostr\u00f3 su disposici\u00f3n al di\u00e1logo, actuar\u00e1 decididamente para responder a la agresi\u00f3n y defender la integridad territorial de la naci\u00f3n.<\/p>\n\n\n\n<p>El pueblo y las autoridades iran\u00edes no guardar\u00e1n silencio ante este crimen, y la respuesta contundente y leg\u00edtima de la Rep\u00fablica Isl\u00e1mica har\u00e1 que el enemigo se arrepienta de su insensata acci\u00f3n, sostuvo<\/p>\n\n\n\n<p>Al respecto, el Cuerpo de la Guardia Revolucionaria Isl\u00e1mica (CGRI) anunci\u00f3 que el r\u00e9gimen sionista de Israel y sus partidarios regionales e internacionales recibir\u00e1n sin duda una respuesta proporcionada y decisiva en el momento y lugar apropiados.<\/p>\n\n\n\n<p>Seg\u00fan la Agencia de Noticias Fars, los ataques israel\u00edes contra zonas residenciales de la provincia de Teher\u00e1n causaron 78 muertos y 329 heridos.<\/p>\n\n\n\n<p>Esta ma\u00f1ana, Israel atac\u00f3 partes de la base de Hamad\u00e1n, en el oeste de Ir\u00e1n, report\u00f3 Tasnim.<\/p>\n\n\n\n<p>Por su parte, el Canal 12 hebreo anunci\u00f3 que la Fuerza A\u00e9rea israel\u00ed agredi\u00f3 los aeropuertos de Mehrabad y Bushehr, donde hay aviones de combate iran\u00edes estacionados.<\/p>\n\n\n\n<p>En las primeras horas de este viernes, el primer ministro Benjam\u00edn Netanyahu, confirm\u00f3 la agresi\u00f3n contra la infraestructura nuclear, las f\u00e1bricas de misiles bal\u00edsticos y la capacidad militar de Ir\u00e1n.<\/p>\n\n\n\n<p>ro\/yma<\/p>\n","protected":false},"excerpt":{"rendered":"<p>Teher\u00e1n, 13 jun (Prensa Latina) El presidente Masoud Pezeshkian calific\u00f3 hoy el ataque de Israel&hellip;<\/p>\n","protected":false},"author":2,"featured_media":73558,"comment_status":"open","ping_status":"open","sticky":false,"template":"","format":"standard","meta":{"footnotes":""},"categories":[52,53],"tags":[],"class_list":["post-73557","post","type-post","status-publish","format-standard","has-post-thumbnail","hentry","category-internacionales","category-prensa-latina"],"_links":{"self":[{"href":"https:\/\/eldiarioantillano.com\/uno\/wp-json\/wp\/v2\/posts\/73557","targetHints":{"allow":["GET"]}}],"collection":[{"href":"https:\/\/eldiarioantillano.com\/uno\/wp-json\/wp\/v2\/posts"}],"about":[{"href":"https:\/\/eldiarioantillano.com\/uno\/wp-json\/wp\/v2\/types\/post"}],"author":[{"embeddable":true,"href":"https:\/\/eldiarioantillano.com\/uno\/wp-json\/wp\/v2\/users\/2"}],"replies":[{"embeddable":true,"href":"https:\/\/eldiarioantillano.com\/uno\/wp-json\/wp\/v2\/comments?post=73557"}],"version-history":[{"count":1,"href":"https:\/\/eldiarioantillano.com\/uno\/wp-json\/wp\/v2\/posts\/73557\/revisions"}],"predecessor-version":[{"id":73564,"href":"https:\/\/eldiarioantillano.com\/uno\/wp-json\/wp\/v2\/posts\/73557\/revisions\/73564"}],"wp:featuredmedia":[{"embeddable":true,"href":"https:\/\/eldiarioantillano.com\/uno\/wp-json\/wp\/v2\/media\/73558"}],"wp:attachment":[{"href":"https:\/\/eldiarioantillano.com\/uno\/wp-json\/wp\/v2\/media?parent=73557"}],"wp:term":[{"taxonomy":"category","embeddable":true,"href":"https:\/\/eldiarioantillano.com\/uno\/wp-json\/wp\/v2\/categories?post=73557"},{"taxonomy":"post_tag","embeddable":true,"href":"https:\/\/eldiarioantillano.com\/uno\/wp-json\/wp\/v2\/tags?post=73557"}],"curies":[{"name":"wp","href":"https:\/\/api.w.org\/{rel}","templated":true}]}}