{"id":73527,"date":"2025-06-12T00:44:47","date_gmt":"2025-06-12T04:44:47","guid":{"rendered":"https:\/\/eldiarioantillano.com\/uno\/?p=73527"},"modified":"2025-06-12T00:44:48","modified_gmt":"2025-06-12T04:44:48","slug":"la-jce-presenta-avances-del-proyecto-de-la-nueva-cedula-a-lideres-religiosos-de-monte-plata","status":"publish","type":"post","link":"https:\/\/eldiarioantillano.com\/uno\/2025\/06\/12\/la-jce-presenta-avances-del-proyecto-de-la-nueva-cedula-a-lideres-religiosos-de-monte-plata\/","title":{"rendered":"La JCE presenta avances del proyecto de la nueva c\u00e9dula a l\u00edderes religiosos de Monte Plata"},"content":{"rendered":"\n<p class=\"wp-block-paragraph\"><strong>Monte Plata, RD<\/strong>. \u2013 La Junta Central Electoral (<strong>JCE<\/strong>) continu\u00f3 este mi\u00e9rcoles con las jornadas de dar a conocer el proyecto de la&nbsp;<strong>nueva C\u00e9dula<\/strong>&nbsp;de Identidad y C\u00e9dula de Identidad y Electoral, en esta ocasi\u00f3n a los l\u00edderes religiosos de la Vicar\u00eda Episcopal Territorial de Monte Plata, la cual abarca 13 parroquias de la provincia.<\/p>\n\n\n\n<p class=\"wp-block-paragraph\">El objetivo de esta socializaci\u00f3n es informar a sectores de la sociedad dominicana sobre las novedades y beneficios del nuevo documento de identidad, garantizando as\u00ed una mayor comprensi\u00f3n y participaci\u00f3n en el proceso de renovaci\u00f3n.<\/p>\n\n\n\n<p class=\"wp-block-paragraph\">En representaci\u00f3n de la JCE estuvieron Prado L\u00f3pez Cornielle, miembro suplente de la JCE; Am\u00e9rico Rodr\u00edguez, director de Cedulaci\u00f3n; y Luis Rafael Santana, subdirector de Comunicaciones y encargado de Prensa. Asimismo, Ydal de los Santos, secretario; Luis Alberto Aquino, oficial suplente del Estado Civil; Henry Gabriel Santana, encargado del Centro de Cedulaci\u00f3n de la provincia; Yudith Mart\u00ednez, supervisora de la Unidad de Declaraci\u00f3n Fuera de Plazo; y \u00c1ngel N\u00fa\u00f1ez Gonell, subdirector de Registro Electoral.<\/p>\n\n\n\n<p class=\"wp-block-paragraph\">En tanto que, por la Iglesia cat\u00f3lica y en representaci\u00f3n de los parroquianos, participaron monse\u00f1or Daniel Lorenzo Vargas Salazar, vicario episcopal; el padre Juan Luis Garc\u00eda, director del Centro Zonal de Pastoral Social, as\u00ed como sacerdotes, p\u00e1rrocos y secretarias de las parroquias que atienden a la comunidad local y autoridades locales.&nbsp;<\/p>\n\n\n\n<p class=\"wp-block-paragraph\">Cat\u00f3licos valoran jornadas de orientaci\u00f3n&nbsp;&nbsp;<\/p>\n\n\n\n<p class=\"wp-block-paragraph\">Monse\u00f1or Daniel Lorenzo Vargas Salazar, vicario episcopal, destac\u00f3 la importancia de las presentaciones de la nueva c\u00e9dula y aplaudi\u00f3 la inclusi\u00f3n de las arquidi\u00f3cesis, di\u00f3cesis y vicar\u00edas por parte de la JCE en esta iniciativa.<\/p>\n\n\n\n<p class=\"wp-block-paragraph\"><strong>Director de Cedulaci\u00f3n comparte caracter\u00edsticas de la nueva c\u00e9dula<\/strong><\/p>\n\n\n\n<p class=\"wp-block-paragraph\">El director de Cedulaci\u00f3n explic\u00f3 a los presentes, paso por paso, las innovaciones del nuevo documento de identidad y detall\u00f3 los mecanismos que los ciudadanos podr\u00e1n usar para obtenerlo una vez que est\u00e9 disponible.&nbsp; Aprovech\u00f3 para hablar de las facilidades que proveer\u00e1 la JCE de cedulaci\u00f3n y registro civil.&nbsp;<\/p>\n\n\n\n<p class=\"wp-block-paragraph\">\u00ab<em>Vamos a llevar esos operativos a los lugares donde sabemos que las poblaciones no pueden venir por cuestiones financieras<\/em>\u00ab, afirm\u00f3 Rodr\u00edguez.<\/p>\n\n\n\n<p class=\"wp-block-paragraph\">Explic\u00f3 que la estrategia incluye la identificaci\u00f3n de personas imposibilitadas de salir de sus hogares por enfermedad u otras circunstancias, a quienes se les llevar\u00e1n unidades m\u00f3viles para tramitar sus documentos y que para asegurar la efectividad y transparencia de estos operativos, la JCE trabajar\u00e1 en estrecha coordinaci\u00f3n con diversas entidades, incluyendo las iglesias.<\/p>\n\n\n\n<p class=\"wp-block-paragraph\"><\/p>\n","protected":false},"excerpt":{"rendered":"<p>Monte Plata, RD. \u2013 La Junta Central Electoral (JCE) continu\u00f3 este mi\u00e9rcoles con las jornadas&hellip;<\/p>\n","protected":false},"author":2,"featured_media":73531,"comment_status":"open","ping_status":"open","sticky":false,"template":"","format":"standard","meta":{"footnotes":""},"categories":[55],"tags":[],"class_list":["post-73527","post","type-post","status-publish","format-standard","has-post-thumbnail","hentry","category-nacionales"],"_links":{"self":[{"href":"https:\/\/eldiarioantillano.com\/uno\/wp-json\/wp\/v2\/posts\/73527","targetHints":{"allow":["GET"]}}],"collection":[{"href":"https:\/\/eldiarioantillano.com\/uno\/wp-json\/wp\/v2\/posts"}],"about":[{"href":"https:\/\/eldiarioantillano.com\/uno\/wp-json\/wp\/v2\/types\/post"}],"author":[{"embeddable":true,"href":"https:\/\/eldiarioantillano.com\/uno\/wp-json\/wp\/v2\/users\/2"}],"replies":[{"embeddable":true,"href":"https:\/\/eldiarioantillano.com\/uno\/wp-json\/wp\/v2\/comments?post=73527"}],"version-history":[{"count":1,"href":"https:\/\/eldiarioantillano.com\/uno\/wp-json\/wp\/v2\/posts\/73527\/revisions"}],"predecessor-version":[{"id":73532,"href":"https:\/\/eldiarioantillano.com\/uno\/wp-json\/wp\/v2\/posts\/73527\/revisions\/73532"}],"wp:featuredmedia":[{"embeddable":true,"href":"https:\/\/eldiarioantillano.com\/uno\/wp-json\/wp\/v2\/media\/73531"}],"wp:attachment":[{"href":"https:\/\/eldiarioantillano.com\/uno\/wp-json\/wp\/v2\/media?parent=73527"}],"wp:term":[{"taxonomy":"category","embeddable":true,"href":"https:\/\/eldiarioantillano.com\/uno\/wp-json\/wp\/v2\/categories?post=73527"},{"taxonomy":"post_tag","embeddable":true,"href":"https:\/\/eldiarioantillano.com\/uno\/wp-json\/wp\/v2\/tags?post=73527"}],"curies":[{"name":"wp","href":"https:\/\/api.w.org\/{rel}","templated":true}]}}