{"id":73524,"date":"2025-06-11T00:00:00","date_gmt":"2025-06-11T04:00:00","guid":{"rendered":"https:\/\/eldiarioantillano.com\/uno\/?p=73524"},"modified":"2025-06-10T21:36:42","modified_gmt":"2025-06-11T01:36:42","slug":"ministerio-de-cultura-y-universidad-apec-avanzan-hacia-convenio-cultural-interinstitucional","status":"publish","type":"post","link":"https:\/\/eldiarioantillano.com\/uno\/2025\/06\/11\/ministerio-de-cultura-y-universidad-apec-avanzan-hacia-convenio-cultural-interinstitucional\/","title":{"rendered":"Ministerio de Cultura y Universidad APEC avanzan hacia convenio cultural interinstitucional"},"content":{"rendered":"\n<p class=\"wp-block-paragraph\"><strong>Santo Domingo.\u2013<\/strong>&nbsp;El Ministerio de Cultura (MINC) y la Comisi\u00f3n Cultural de la Universidad APEC sostuvieron un encuentro para intercambiar y analizar sus respectivas programaciones culturales, como parte de los preparativos para la firma de un convenio interinstitucional orientado a fortalecer la formaci\u00f3n art\u00edstica y promover las industrias creativas.<\/p>\n\n\n\n<p class=\"wp-block-paragraph\">Los detalles relativos a esta iniciativa cultural fueron ofrecidos durante un almuerzo ofrecido por la Universidad APEC al ministro de Cultura, Roberto \u00c1ngel Salcedo, quien estuvo acompa\u00f1ado por el viceministro de Patrimonio Cultural, Gamal Michel\u00e9n.<\/p>\n\n\n\n<p class=\"wp-block-paragraph\">Salcedo expres\u00f3 que el tema de la formaci\u00f3n art\u00edstica es un aspecto de vital importancia en la instituci\u00f3n y que la formalizaci\u00f3n de una alianza con instituciones como la Universidad APEC es interesante y determinante en materia cultural.<\/p>\n\n\n\n<p class=\"wp-block-paragraph\">El funcionario explic\u00f3 que el plan de acci\u00f3n del Ministerio de Cultura se estructura en torno a cinco pilares fundamentales: la preservaci\u00f3n del patrimonio cultural material e inmaterial, la revitalizaci\u00f3n de la identidad cultural, el est\u00edmulo a las industrias culturales y creativas, la formaci\u00f3n art\u00edstica y la descentralizaci\u00f3n de la actividad cultural, con el fin de proyectar la cultura a nivel nacional e internacional.<\/p>\n\n\n\n<p class=\"wp-block-paragraph\">Salcedo se\u00f1al\u00f3 que cada pilar cuenta con el seguimiento y responsabilidad de un viceministerio espec\u00edfico. Como ejemplo, mencion\u00f3 que el Viceministerio de Patrimonio Cultural trabaja actualmente en el levantamiento de espacios culturales emblem\u00e1ticos en todo el territorio nacional.<\/p>\n\n\n\n<p class=\"wp-block-paragraph\">Por su parte, el rector de la Universidad APEC, Carlos Ortega, expres\u00f3 su agradecimiento al titular de Cultura por su disposici\u00f3n a consolidar esta alianza estrat\u00e9gica, destacando la importancia de fomentar iniciativas conjuntas en el \u00e1mbito cultural y educativo.<\/p>\n\n\n\n<p class=\"wp-block-paragraph\">El acto inici\u00f3 con las palabras de bienvenida del presidente de APEC Cultural, Carlos Sangiovanni, quien repas\u00f3 el historial de la universidad, present\u00f3 a los miembros de la comisi\u00f3n cultural y destac\u00f3 la agenda formativa de APEC, que se refleja en sus entidades vinculadas: UNAPEC, FUNDAPEC, CENAPEC y PROMAPEC.<\/p>\n","protected":false},"excerpt":{"rendered":"<p>Santo Domingo.\u2013&nbsp;El Ministerio de Cultura (MINC) y la Comisi\u00f3n Cultural de la Universidad APEC sostuvieron&hellip;<\/p>\n","protected":false},"author":2,"featured_media":62672,"comment_status":"open","ping_status":"open","sticky":false,"template":"","format":"standard","meta":{"footnotes":""},"categories":[63],"tags":[],"class_list":["post-73524","post","type-post","status-publish","format-standard","has-post-thumbnail","hentry","category-cultura"],"_links":{"self":[{"href":"https:\/\/eldiarioantillano.com\/uno\/wp-json\/wp\/v2\/posts\/73524","targetHints":{"allow":["GET"]}}],"collection":[{"href":"https:\/\/eldiarioantillano.com\/uno\/wp-json\/wp\/v2\/posts"}],"about":[{"href":"https:\/\/eldiarioantillano.com\/uno\/wp-json\/wp\/v2\/types\/post"}],"author":[{"embeddable":true,"href":"https:\/\/eldiarioantillano.com\/uno\/wp-json\/wp\/v2\/users\/2"}],"replies":[{"embeddable":true,"href":"https:\/\/eldiarioantillano.com\/uno\/wp-json\/wp\/v2\/comments?post=73524"}],"version-history":[{"count":1,"href":"https:\/\/eldiarioantillano.com\/uno\/wp-json\/wp\/v2\/posts\/73524\/revisions"}],"predecessor-version":[{"id":73525,"href":"https:\/\/eldiarioantillano.com\/uno\/wp-json\/wp\/v2\/posts\/73524\/revisions\/73525"}],"wp:featuredmedia":[{"embeddable":true,"href":"https:\/\/eldiarioantillano.com\/uno\/wp-json\/wp\/v2\/media\/62672"}],"wp:attachment":[{"href":"https:\/\/eldiarioantillano.com\/uno\/wp-json\/wp\/v2\/media?parent=73524"}],"wp:term":[{"taxonomy":"category","embeddable":true,"href":"https:\/\/eldiarioantillano.com\/uno\/wp-json\/wp\/v2\/categories?post=73524"},{"taxonomy":"post_tag","embeddable":true,"href":"https:\/\/eldiarioantillano.com\/uno\/wp-json\/wp\/v2\/tags?post=73524"}],"curies":[{"name":"wp","href":"https:\/\/api.w.org\/{rel}","templated":true}]}}