{"id":73515,"date":"2025-06-10T21:28:30","date_gmt":"2025-06-11T01:28:30","guid":{"rendered":"https:\/\/eldiarioantillano.com\/uno\/?p=73515"},"modified":"2025-06-10T21:28:31","modified_gmt":"2025-06-11T01:28:31","slug":"miles-de-personas-repudian-a-barrick-gold-y-el-gobierno-en-san-francisco-de-macoris","status":"publish","type":"post","link":"https:\/\/eldiarioantillano.com\/uno\/2025\/06\/10\/miles-de-personas-repudian-a-barrick-gold-y-el-gobierno-en-san-francisco-de-macoris\/","title":{"rendered":"Miles de personas repudian a Barrick Gold y el Gobierno en San Francisco de Macor\u00eds"},"content":{"rendered":"\n<figure class=\"wp-block-embed is-type-video is-provider-youtube wp-block-embed-youtube wp-embed-aspect-16-9 wp-has-aspect-ratio\"><div class=\"wp-block-embed__wrapper\">\n<iframe title=\"Miles de personas repudian a Barrick Gold y el Gobierno en San Francisco de Macor\u00eds\" width=\"1170\" height=\"658\" src=\"https:\/\/www.youtube.com\/embed\/Uc4oojEHOdc?feature=oembed\" frameborder=\"0\" allow=\"accelerometer; autoplay; clipboard-write; encrypted-media; gyroscope; picture-in-picture; web-share\" referrerpolicy=\"strict-origin-when-cross-origin\" allowfullscreen><\/iframe>\n<\/div><\/figure>\n\n\n\n<p class=\"wp-block-paragraph\">La multitudinaria manifestaci\u00f3n fue convocada por diversas organizaciones sociales y pol\u00edticas; realizada el pasado domingo en la capital nordestana.<\/p>\n\n\n\n<figure class=\"wp-block-embed is-type-video is-provider-youtube wp-block-embed-youtube wp-embed-aspect-16-9 wp-has-aspect-ratio\"><div class=\"wp-block-embed__wrapper\">\n<iframe title=\"El dirigente popular Rafael Jim\u00e9nez Abad, de Bonao, habla en la manifestaci\u00f3n en SF Macor\u00eds\" width=\"1170\" height=\"658\" src=\"https:\/\/www.youtube.com\/embed\/qhHb_Lg-LYU?feature=oembed\" frameborder=\"0\" allow=\"accelerometer; autoplay; clipboard-write; encrypted-media; gyroscope; picture-in-picture; web-share\" referrerpolicy=\"strict-origin-when-cross-origin\" allowfullscreen><\/iframe>\n<\/div><\/figure>\n\n\n\n<p class=\"wp-block-paragraph\">El dirigente popular Rafael Jim\u00e9nez Abad, de Bonao, habla en la manifestaci\u00f3n en SF Macor\u00eds.\u00a0<br><br><br><\/p>\n","protected":false},"excerpt":{"rendered":"<p>La multitudinaria manifestaci\u00f3n fue convocada por diversas organizaciones sociales y pol\u00edticas; realizada el pasado domingo&hellip;<\/p>\n","protected":false},"author":2,"featured_media":73516,"comment_status":"open","ping_status":"open","sticky":false,"template":"","format":"standard","meta":{"footnotes":""},"categories":[55],"tags":[],"class_list":["post-73515","post","type-post","status-publish","format-standard","has-post-thumbnail","hentry","category-nacionales"],"_links":{"self":[{"href":"https:\/\/eldiarioantillano.com\/uno\/wp-json\/wp\/v2\/posts\/73515","targetHints":{"allow":["GET"]}}],"collection":[{"href":"https:\/\/eldiarioantillano.com\/uno\/wp-json\/wp\/v2\/posts"}],"about":[{"href":"https:\/\/eldiarioantillano.com\/uno\/wp-json\/wp\/v2\/types\/post"}],"author":[{"embeddable":true,"href":"https:\/\/eldiarioantillano.com\/uno\/wp-json\/wp\/v2\/users\/2"}],"replies":[{"embeddable":true,"href":"https:\/\/eldiarioantillano.com\/uno\/wp-json\/wp\/v2\/comments?post=73515"}],"version-history":[{"count":1,"href":"https:\/\/eldiarioantillano.com\/uno\/wp-json\/wp\/v2\/posts\/73515\/revisions"}],"predecessor-version":[{"id":73517,"href":"https:\/\/eldiarioantillano.com\/uno\/wp-json\/wp\/v2\/posts\/73515\/revisions\/73517"}],"wp:featuredmedia":[{"embeddable":true,"href":"https:\/\/eldiarioantillano.com\/uno\/wp-json\/wp\/v2\/media\/73516"}],"wp:attachment":[{"href":"https:\/\/eldiarioantillano.com\/uno\/wp-json\/wp\/v2\/media?parent=73515"}],"wp:term":[{"taxonomy":"category","embeddable":true,"href":"https:\/\/eldiarioantillano.com\/uno\/wp-json\/wp\/v2\/categories?post=73515"},{"taxonomy":"post_tag","embeddable":true,"href":"https:\/\/eldiarioantillano.com\/uno\/wp-json\/wp\/v2\/tags?post=73515"}],"curies":[{"name":"wp","href":"https:\/\/api.w.org\/{rel}","templated":true}]}}