{"id":73504,"date":"2025-06-10T21:13:33","date_gmt":"2025-06-11T01:13:33","guid":{"rendered":"https:\/\/eldiarioantillano.com\/uno\/?p=73504"},"modified":"2025-06-10T21:13:40","modified_gmt":"2025-06-11T01:13:40","slug":"mas-de-120-muertos-y-heridos-en-gaza-tras-nuevos-ataques-israelies","status":"publish","type":"post","link":"https:\/\/eldiarioantillano.com\/uno\/2025\/06\/10\/mas-de-120-muertos-y-heridos-en-gaza-tras-nuevos-ataques-israelies\/","title":{"rendered":"M\u00e1s de 120 muertos y heridos en Gaza tras nuevos ataques israel\u00edes"},"content":{"rendered":"\n<p>Ramala, 10 jun (Prensa Latina) Militares israel\u00edes mataron hoy a 23 palestinos e hirieron a m\u00e1s de un centenar, la mayor\u00eda de ellos mientras se acercaban a un centro de distribuci\u00f3n de ayuda para pedir alimentos en el centro de Gaza.<\/p>\n\n\n\n<p>Fuentes m\u00e9dicas informaron que 17 ciudadanos, incluido un ni\u00f1o, perdieron la vida y m\u00e1s de 100 sufrieron lesiones cuando los uniformados abrieron fuego contra un grupo que se dirig\u00eda a uno de esos centros, ubicado en el llamado eje Netzarim, creado por Israel para cortar en dos al enclave costero.<\/p>\n\n\n\n<p>Este mes los uniformados dispararon en varias oportunidades contra las personas que reclamaban alimentos, una situaci\u00f3n que provoc\u00f3 una ola de cr\u00edticas y condenas internacionales.<\/p>\n\n\n\n<p>La Franja vive una grave crisis humanitaria por la guerra, a lo que se sum\u00f3 el bloqueo ordenado por el primer ministro Benjamin Netanyahu, que impide la entrada de alimentos, medicinas, combustibles y otros productos vitales.<\/p>\n\n\n\n<p>Este martes, tres miembros de una misma familia murieron tras un bombardeo israel\u00ed contra una tienda de campa\u00f1a para desplazados en la sure\u00f1a zona de Al-Mawasi, reportaron medios de prensa nacionales.<\/p>\n\n\n\n<p>Mientras, aviones de guerra lanzaron ataques contra casas en el barrio de Batn al-Sameene, en la cercana ciudad de Khan Yunis, donde el Ej\u00e9rcito inici\u00f3 una nueva ofensiva terrestre hace unas semanas.<\/p>\n\n\n\n<p>Cinco civiles resultaron heridos en una incursi\u00f3n de un dron israel\u00ed en la zona de Al-Da\u2019wa, en el centro de Gaza, y tambi\u00e9n se contabilizaron lesionados en un incidente similar ocurrido en la urbe de Deir al-Balah.<\/p>\n\n\n\n<p>Seg\u00fan datos oficiales, desde el inicio de la agresi\u00f3n contra el territorio, el 7 de octubre de 2023, las Fuerzas Armadas israel\u00edes mataron a casi 55 mil palestinos e hirieron a otros 126 mil.<\/p>\n\n\n\n<p>lam\/rob<\/p>\n","protected":false},"excerpt":{"rendered":"<p>Ramala, 10 jun (Prensa Latina) Militares israel\u00edes mataron hoy a 23 palestinos e hirieron a&hellip;<\/p>\n","protected":false},"author":2,"featured_media":73505,"comment_status":"open","ping_status":"open","sticky":false,"template":"","format":"standard","meta":{"footnotes":""},"categories":[52,53],"tags":[],"class_list":["post-73504","post","type-post","status-publish","format-standard","has-post-thumbnail","hentry","category-internacionales","category-prensa-latina"],"_links":{"self":[{"href":"https:\/\/eldiarioantillano.com\/uno\/wp-json\/wp\/v2\/posts\/73504","targetHints":{"allow":["GET"]}}],"collection":[{"href":"https:\/\/eldiarioantillano.com\/uno\/wp-json\/wp\/v2\/posts"}],"about":[{"href":"https:\/\/eldiarioantillano.com\/uno\/wp-json\/wp\/v2\/types\/post"}],"author":[{"embeddable":true,"href":"https:\/\/eldiarioantillano.com\/uno\/wp-json\/wp\/v2\/users\/2"}],"replies":[{"embeddable":true,"href":"https:\/\/eldiarioantillano.com\/uno\/wp-json\/wp\/v2\/comments?post=73504"}],"version-history":[{"count":1,"href":"https:\/\/eldiarioantillano.com\/uno\/wp-json\/wp\/v2\/posts\/73504\/revisions"}],"predecessor-version":[{"id":73510,"href":"https:\/\/eldiarioantillano.com\/uno\/wp-json\/wp\/v2\/posts\/73504\/revisions\/73510"}],"wp:featuredmedia":[{"embeddable":true,"href":"https:\/\/eldiarioantillano.com\/uno\/wp-json\/wp\/v2\/media\/73505"}],"wp:attachment":[{"href":"https:\/\/eldiarioantillano.com\/uno\/wp-json\/wp\/v2\/media?parent=73504"}],"wp:term":[{"taxonomy":"category","embeddable":true,"href":"https:\/\/eldiarioantillano.com\/uno\/wp-json\/wp\/v2\/categories?post=73504"},{"taxonomy":"post_tag","embeddable":true,"href":"https:\/\/eldiarioantillano.com\/uno\/wp-json\/wp\/v2\/tags?post=73504"}],"curies":[{"name":"wp","href":"https:\/\/api.w.org\/{rel}","templated":true}]}}