{"id":73501,"date":"2025-06-10T00:08:03","date_gmt":"2025-06-10T04:08:03","guid":{"rendered":"https:\/\/eldiarioantillano.com\/uno\/?p=73501"},"modified":"2025-06-10T00:08:04","modified_gmt":"2025-06-10T04:08:04","slug":"la-solidaridad-es-mi-bandera","status":"publish","type":"post","link":"https:\/\/eldiarioantillano.com\/uno\/2025\/06\/10\/la-solidaridad-es-mi-bandera\/","title":{"rendered":"La solidaridad es mi bandera"},"content":{"rendered":"\n<p>El Colectivo Migraci\u00f3n y Derechos Humanos nos record\u00f3 el lunes pasado que las pol\u00edticas p\u00fablicas no deben definirse con base en el miedo y el odio, sino con base en la realidad y la dignidad de las personas.<\/p>\n\n\n\n<p>Por ESTHER HERN\u00c1NDEZ MEDINA<\/p>\n\n\n\n<p class=\"has-text-align-right\"><em>La muerte de la empat\u00eda humana es uno de los primeros indicios <\/em><br><em>de que<\/em> <em>una cultura est\u00e1 a punto de caer en la barbarie<\/em><br> Hannah Arendt<\/p>\n\n\n<div class=\"wp-block-image is-style-rounded\">\n<figure class=\"alignright size-thumbnail\"><img decoding=\"async\" width=\"150\" height=\"150\" src=\"https:\/\/eldiarioantillano.com\/uno\/wp-content\/uploads\/2024\/04\/Esther-150x150.jpg\" alt=\"\" class=\"wp-image-66217\" srcset=\"https:\/\/eldiarioantillano.com\/uno\/wp-content\/uploads\/2024\/04\/Esther-150x150.jpg 150w, https:\/\/eldiarioantillano.com\/uno\/wp-content\/uploads\/2024\/04\/Esther-300x300.jpg 300w, https:\/\/eldiarioantillano.com\/uno\/wp-content\/uploads\/2024\/04\/Esther-585x585.jpg 585w, https:\/\/eldiarioantillano.com\/uno\/wp-content\/uploads\/2024\/04\/Esther.jpg 640w\" sizes=\"(max-width: 150px) 100vw, 150px\" \/><figcaption class=\"wp-element-caption\">Esther Hern\u00e1ndez Medina<\/figcaption><\/figure>\n<\/div>\n\n\n<p>En varias ocasiones en esta columna les he mencionado el concepto de la \u201cefervescencia social\u201d creado por Emilio Durkheim, uno de los fundadores de la sociolog\u00eda como disciplina. Es uno de sus conceptos menos conocidos porque sus colegas generalmente nos concentramos en sus aportes en el estudio de la integraci\u00f3n social, el nivel en el que las personas de una sociedad se sienten efectivamente parte de ella. La efervescencia social, por el contrario, es un fen\u00f3meno mucho m\u00e1s pasajero y limitado aunque puede ser importante para aumentar la integraci\u00f3n social. Durkheim defin\u00eda como efervescencia social la sensaci\u00f3n de conexi\u00f3n, excitaci\u00f3n y alegr\u00eda compartida que sentimos cuando participamos en las mismas actividades y compartimos el mismo objetivo que otras personas incluso aunque no las conozcamos. Nos puede pasar en un concierto cuando sonre\u00edmos a la gente de al lado que tambi\u00e9n entona a todo pulm\u00f3n la canci\u00f3n de nuestro grupo favorito o cuando las personas creyentes se ven a los ojos mientras comparten el mismo ritual sabiendo el significado profundo que tiene para ellas.<\/p>\n\n\n\n<p>El Colectivo Migraci\u00f3n y Derechos Humanos convoc\u00f3 a un evento el pasado lunes 2 de junio que se convirti\u00f3 en un hermoso ejemplo de efervescencia social. Con el lema \u201cla solidaridad es mi bandera\u201d, m\u00e1s de 400 personas entre estudiantes, poetas, l\u00edderes de partidos pol\u00edticos, representantes de organizaciones campesinas y comunitarias, activistas feministas y ambientalistas, delegados del sector sindical, intelectuales, enfermeras, periodistas, representantes de organismos internacionales, pastores y pastoras religiosas y personas de otros grupos se reunieron en la Facultad de Ciencias Econ\u00f3micas y Sociales de la UASD. El equipo organizador logr\u00f3 que el encuentro se convirtiera en un momento de unidad y un recordatorio de lo mejor que tiene el pueblo dominicano: la alegr\u00eda y la solidaridad. Por eso, en la columna de hoy, les quiero compartir algunas de las lecciones que el Colectivo Migraci\u00f3n y Derechos Humanos y las personas que hablaron nos recordaron ese d\u00eda.<\/p>\n\n\n\n<p><em>Necesitamos una pol\u00edtica migratoria basada en la realidad, no en los prejuicios<\/em><\/p>\n\n\n\n<p>Tal y como han destacado varios sectores incluyendo <a href=\"https:\/\/acento.com.do\/actualidad\/empresario-aboga-por-regularizar-a-trabajadores-haitianos-de-manera-temporal-9495760.html\">dirigentes del empresariado<\/a>, como pa\u00eds nos urge establecer una pol\u00edtica migratoria realista basada en las necesidades de nuestra econom\u00eda. El Colectivo Migraci\u00f3n y Derechos Humanos y varias de las personas que hablaron, enfatizaron la necesidad de crear un plan de regularizaci\u00f3n para las y los trabajadores haitianos. Por ejemplo, el empresario V\u00edctor Capell\u00e1n plante\u00f3 que de esa manera podr\u00e1n aportar a la seguridad social, asistir a las escuelas y hospitales y circular de manera normal. Capell\u00e1n agreg\u00f3 que en el pa\u00eds tenemos los estudios que muestran que no hay la mano de obra dominicana suficiente para sectores como la agricultura y la construcci\u00f3n. A la vez, hay modelos exitosos como el de la empresa CODEVI que dirige que podr\u00edan replicarse en diferentes puntos de la frontera dominico-haitiana. CODEVI emplea miles de personas haitianas en Hait\u00ed (reduciendo as\u00ed la migraci\u00f3n a territorio dominicano) al tiempo que tambi\u00e9n genera empleos para personas dominicanas.<\/p>\n\n\n\n<p>El abogado especialista en migraci\u00f3n Olivo Rodr\u00edguez Huerta record\u00f3 que la necesidad de regularizar la poblaci\u00f3n migrante en la Rep\u00fablica Dominicana tiene m\u00e1s de 50 a\u00f1os. De hecho, ley\u00f3 un editorial de esa \u00e9poca del legendario director del peri\u00f3dico List\u00edn Diario, Rafael Herrera, abordando el tema. Tanto Rodr\u00edguez Huerta como la profesora y dirigente pol\u00edtica Mar\u00eda Teresa Cabrera destacaron que se precisa crear una categor\u00eda migratoria que se corresponda con la realidad actual, no con el viejo concepto de trabajadores temporeros. En palabras del empresario V\u00edctor Capell\u00e1n, \u201cel status quo es insostenible\u201d pero \u201cel tema Hait\u00ed bien manejado es una gran oportunidad, con un manejo no adecuado es un grave problema\u201d. Incluso, como nos inform\u00f3 la periodista Altagracia Salazar, por lo menos 40 de las organizaciones que son parte del Consejo Econ\u00f3mico y Social donde se abordar\u00e1 el tema migratorio a solicitud del Presidente Abinader se han pronunciado a favor de establecer planes de regularizaci\u00f3n.<\/p>\n\n\n\n<p><em>El pueblo dominicano cree en la solidaridad<\/em><\/p>\n\n\n\n<p>La soci\u00f3loga Rosario Espinal plante\u00f3 en su intervenci\u00f3n que \u201c<a href=\"https:\/\/acento.com.do\/opinion\/la-crueldad-esta-de-moda-9490998.html\"><u>la crueldad est\u00e1 de moda<\/u><\/a>\u201d en el pa\u00eds y a nivel internacional. El Colectivo Migraci\u00f3n y Derechos Humanos record\u00f3 que en los operativos de detenci\u00f3n y deportaci\u00f3n se siguen vulnerando derechos fundamentales, incluyendo la detenci\u00f3n de mujeres embarazadas y de personas con tr\u00e1mites en curso o con documentaci\u00f3n vigente. Tambi\u00e9n han tenido lugar violaciones sexuales y se ha separado a menores de edad de sus padres y madres. Por ejemplo, como explic\u00f3 Est\u00e9fany Encarnaci\u00f3n del Foro Ciudadano y de CIPAF, solo desde el 21 de abril hasta el 30 de mayo de este a\u00f1o el gobierno detuvo a 1,207 mujeres embarazadas, parturientas y menores de edad en centros hospitalarios violando nuestra propia Ley General de Migraci\u00f3n. Adem\u00e1s, las deportaciones costaron la vida de <a href=\"https:\/\/www.diariolibre.com\/actualidad\/salud\/2025\/05\/11\/haitiana-muere-durante-labor-de-parto-en-una-casa-en-el-seibo\/3107870\">Lourdia Jean Pierre<\/a> quien muri\u00f3 dando a luz en su casa por miedo a ir al hospital que debe ser siempre un centro de refugio, no de temor.<\/p>\n\n\n\n<p>Sin embargo, varias personas que intervinieron en el evento enfatizaron que esa no es la naturaleza del pueblo dominicano. Muchas personas recordaron el despliegue de apoyo al pueblo haitiano que hicimos despu\u00e9s del terrible saldo de muerte y destrucci\u00f3n del terremoto del 2010 y, m\u00e1s recientemente, con las v\u00edctimas de la tragedia de Jet Set en nuestro pa\u00eds. Por ejemplo, la dirigente Negrita Ferrer de la Confederaci\u00f3n Nacional de Mujeres del Campo (CONAMUCA) habl\u00f3 de la solidaridad y la convivencia que se da entre las personas dominicanas y haitianas de manera cotidiana \u201cporque en las comunidades y los territorios, compartimos culturas y compartimos saberes\u201d.<\/p>\n\n\n\n<p>Por el contrario, la narrativa de odio y de legitimizaci\u00f3n de los maltratos a la poblaci\u00f3n haitiana han sido el resultado de la activa campa\u00f1a de comunicaci\u00f3n del gobierno actual para legitimar las deportaciones masivas que realiza como explic\u00f3 la periodista Altagracia Salazar. Esta narrativa contrasta con la historia de convivencia entre ambos pueblos a la que se refiri\u00f3 Ferreras. De manera similar, Franklin Dinol, representante del grupo RECONOCIDO de dominicanos y dominicanas de ascendencia haitiana, cont\u00f3 la historia de la insistencia de una de sus profesoras de primaria en que su madre lo enviara a la escuela cuando era ni\u00f1o porque de eso depend\u00eda su futuro. Dinol nos record\u00f3 que esa profesora que fue a su casa preocupada porque no hab\u00eda ido a clase, es un ejemplo de la esencia solidaria del pueblo dominicano.<\/p>\n\n\n\n<p><em>Esta es una oportunidad para construir un pa\u00eds basado en la dignidad de la gente<\/em><\/p>\n\n\n\n<p>Tanto el Colectivo Migraci\u00f3n y Derechos Humanos como las y los invitados que hablaron destacaron la necesidad de que esta nueva pol\u00edtica se base en el respeto a la dignidad humana que, como plante\u00f3 el abogado Olivo Rodr\u00edguez Huerta, es el fundamento de la Constituci\u00f3n dominicana. De hecho, varias personas advirtieron sobre la posibilidad de que en los pr\u00f3ximos d\u00edas haya propuestas para \u201ctratar de colocar al Estado dominicano en un estado de barbarie\u201d y utilizar estas pr\u00e1cticas de desconocimiento de los derechos de las personas como \u201cun tubo de ensayo\u201d para discriminar tambi\u00e9n a otros grupos como plante\u00f3 Pr\u00e1xedes Polanco de M\u00e9dicos del Mundo.<\/p>\n\n\n\n<p>De manera similar, Antonio Ciriaco, decano de la Facultad de Ciencias Econ\u00f3micas y Sociales de la UASD, destac\u00f3 que la regularizaci\u00f3n no solo protege a las personas migrantes, sino que tambi\u00e9n fortalece al pa\u00eds y su institucionalidad y para ello se han elaborado diferentes propuestas tanto en la UASD como en otros centros acad\u00e9micos. Por ejemplo, como destac\u00f3 el mismo Colectivo Migraci\u00f3n y Derechos Humanos, \u201cla regularizaci\u00f3n permitir\u00eda fortalecer la seguridad jur\u00eddica, aumentar la recaudaci\u00f3n tributaria y los aportes a la seguridad social, adem\u00e1s de facilitar la contrataci\u00f3n formal por parte del empresariado, que necesita condiciones estables y claras\u201d. Como destac\u00f3 Mar\u00eda Fernanda L\u00f3pez en nombre del Colectivo, \u201clos migrantes no son una carga: son un aporte\u201d.<\/p>\n\n\n\n<p>Como explic\u00f3 la soci\u00f3loga Rosario Espinal, estamos ante una oportunidad hist\u00f3rica para construir una nueva institucionalidad, superando los dos pilares en los que se ha basado la pol\u00edtica migratoria de nuestro pa\u00eds hasta ahora: la ilegalidad y la corrupci\u00f3n. Por eso Ricardo Gonz\u00e1lez, de la ONG Ciudad Alternativa y la Comisi\u00f3n para la Defensa de los Derechos Barriales (COPADEBA), nos recordaba que la realidad del segmento inmigrante es parte del contexto en que vive casi el 60% de trabajadores y trabajadoras de nuestro pa\u00eds que es la realidad del sector informal.<\/p>\n\n\n\n<p>El expresidente y dirigente del partido de gobierno, Hip\u00f3lito Mej\u00eda, destacaba hace unos d\u00edas que nuestro pa\u00eds cuenta con la experiencia suficiente para llevar a cabo un plan de regularizaci\u00f3n. En el evento del lunes pasado, la coordinadora residente del sistema de Naciones Unidas en el pa\u00eds, Julia S\u00e1nchez, dec\u00eda que la Rep\u00fablica Dominicana puede dar el ejemplo en la regi\u00f3n de que es \u201cposible gestionar la migraci\u00f3n sin odio, sin miedo y sin violencia\u201d. Yo tambi\u00e9n espero que el di\u00e1logo que inicia esta semana en el Consejo Econ\u00f3mico y Social nos lleve por ese camino. Ojal\u00e1 que finalmente nos demos la oportunidad como naci\u00f3n de crear una <a href=\"https:\/\/acento.com.do\/opinion\/una-cultura-del-cuidado-9487935.html\">cultura de cuidado<\/a> y de respeto a todas las personas y de generar integraci\u00f3n social a partir de nuestros valores positivos de la solidaridad y la alegr\u00eda, no perdiendo nuestra humanidad con base en la exclusi\u00f3n y el odio.<\/p>\n","protected":false},"excerpt":{"rendered":"<p>El Colectivo Migraci\u00f3n y Derechos Humanos nos record\u00f3 el lunes pasado que las pol\u00edticas p\u00fablicas&hellip;<\/p>\n","protected":false},"author":2,"featured_media":66217,"comment_status":"open","ping_status":"open","sticky":false,"template":"","format":"standard","meta":{"footnotes":""},"categories":[70,55,51],"tags":[],"class_list":["post-73501","post","type-post","status-publish","format-standard","has-post-thumbnail","hentry","category-esther-hernandez-medina","category-nacionales","category-opinion"],"_links":{"self":[{"href":"https:\/\/eldiarioantillano.com\/uno\/wp-json\/wp\/v2\/posts\/73501","targetHints":{"allow":["GET"]}}],"collection":[{"href":"https:\/\/eldiarioantillano.com\/uno\/wp-json\/wp\/v2\/posts"}],"about":[{"href":"https:\/\/eldiarioantillano.com\/uno\/wp-json\/wp\/v2\/types\/post"}],"author":[{"embeddable":true,"href":"https:\/\/eldiarioantillano.com\/uno\/wp-json\/wp\/v2\/users\/2"}],"replies":[{"embeddable":true,"href":"https:\/\/eldiarioantillano.com\/uno\/wp-json\/wp\/v2\/comments?post=73501"}],"version-history":[{"count":1,"href":"https:\/\/eldiarioantillano.com\/uno\/wp-json\/wp\/v2\/posts\/73501\/revisions"}],"predecessor-version":[{"id":73502,"href":"https:\/\/eldiarioantillano.com\/uno\/wp-json\/wp\/v2\/posts\/73501\/revisions\/73502"}],"wp:featuredmedia":[{"embeddable":true,"href":"https:\/\/eldiarioantillano.com\/uno\/wp-json\/wp\/v2\/media\/66217"}],"wp:attachment":[{"href":"https:\/\/eldiarioantillano.com\/uno\/wp-json\/wp\/v2\/media?parent=73501"}],"wp:term":[{"taxonomy":"category","embeddable":true,"href":"https:\/\/eldiarioantillano.com\/uno\/wp-json\/wp\/v2\/categories?post=73501"},{"taxonomy":"post_tag","embeddable":true,"href":"https:\/\/eldiarioantillano.com\/uno\/wp-json\/wp\/v2\/tags?post=73501"}],"curies":[{"name":"wp","href":"https:\/\/api.w.org\/{rel}","templated":true}]}}