{"id":73460,"date":"2025-06-06T22:55:56","date_gmt":"2025-06-07T02:55:56","guid":{"rendered":"https:\/\/eldiarioantillano.com\/uno\/?p=73460"},"modified":"2025-06-06T22:55:57","modified_gmt":"2025-06-07T02:55:57","slug":"alejemonos-del-umbral-de-la-tercera-guerra-mundial","status":"publish","type":"post","link":"https:\/\/eldiarioantillano.com\/uno\/2025\/06\/06\/alejemonos-del-umbral-de-la-tercera-guerra-mundial\/","title":{"rendered":"\u00a1Alej\u00e9monos del umbral de la tercera guerra mundial!"},"content":{"rendered":"\n<p>(Instituto Schiler).-Los presidentes Donald Trump y Vlad\u00edmir Putin finalmente tuvieron este 4 de junio, una conversaci\u00f3n telef\u00f3nica, tres largos d\u00edas despu\u00e9s de que el r\u00e9gimen de Kiev lanzara un ataque con drones sorprendentemente provocador contra cinco bases a\u00e9reas rusas simult\u00e1neamente, que albergan la flota de bombarderos estrat\u00e9gicos de ese pa\u00eds.<\/p>\n\n\n\n<p>\u00a0Es irrelevante si el 40% o solo el 10% de la capacidad nuclear a\u00e9rea de Rusia qued\u00f3 destruida en el ataque; lo cierto es que quienquiera que prepar\u00f3, entren\u00f3 y dio luz verde a la operaci\u00f3n con drones de Kiev estaba ansioso por desatar un conflicto estrat\u00e9gico nuclear entre las dos mayores superpotencias nucleares del mundo.\u00a0Por ahora, fracasaron.\u00a0Trump y Putin hablaron hoy por tel\u00e9fono durante una hora y quince minutos. \u201cHemos hablado del ataque de Ucrania contra los aviones rusos estacionados\u201d, public\u00f3 Trump en su cuenta de Truth Social a mediod\u00eda del 4 de junio; a\u00f1adi\u00f3 que \u201cfue una buena conversaci\u00f3n, pero no una conversaci\u00f3n que vaya a conducir a la paz inmediata. El Presidente Putin ha dicho, y con mucha firmeza, que tendr\u00e1 que responder al reciente ataque contra los aer\u00f3dromos\u201d. Trump le dijo a Putin que los estadounidenses no hab\u00edan sido informados por Kiev antes del ataque, seg\u00fan un resumen de la llamada proporcionado por el asesor del Kremlin, Yuri Ushakov.\u00a0Pero si Trump no dio la orden \u2014y hay muchas razones para creer que le dijo la verdad a Putin al respecto\u2014 entonces, \u00bfqui\u00e9n lo hizo? \u00bfQui\u00e9n tiene el poder (usurpado) para lanzar un ataque contra las fuerzas de disuasi\u00f3n nuclear de la principal potencia nuclear del planeta sin informar al Presidente de Estados Unidos?\u00a0\u00a0\u00a0\u00a0\u00a0 <\/p>\n\n\n\n<p>El mundo puede haber esquivado la bala de la guerra nuclear, por el momento. Pero el arma sigue cargada y sigue en manos de los c\u00edrculos de inteligencia brit\u00e1nicos y estadounidenses, que est\u00e1n decididos a abrir una brecha permanente entre Trump y Putin, y que est\u00e1n dispuestos a dar un golpe de Estado e incluso a asesinar a ambos jefes de Estado, as\u00ed como a lanzar otra provocaci\u00f3n nuclear.\u00a0Los paralelismos con el ataque terrorista del 11 de septiembre del 2001 contra Estados Unidos no han pasado desapercibidos para los analistas perspicaces. En medio de ese ataque, el Presidente Putin llam\u00f3 al Presidente George W. Bush y le asegur\u00f3 que Rusia no ten\u00eda nada que ver con el ataque y que estaba retirando sus propias fuerzas de disuasi\u00f3n nuclear para evitar cualquier malentendido. Luego Putin compareci\u00f3 en la televisi\u00f3n nacional para declarar: \u201cEn nombre de Rusia, quiero decir al pueblo estadounidense: estamos con ustedes\u201d.\u00a0\u00a0\u00a0\u00a0<\/p>\n\n\n\n<p>La fundadora del Instituto Schiller, Helga Zepp-LaRouche, demand\u00f3 hoy: \u201c\u00bfCu\u00e1ntos pasos m\u00e1s hacia la guerra nuclear se necesitan para que despertemos y actuemos?\u201d. Un paso cualitativo m\u00e1s y puede que no nos quede ninguna opci\u00f3n, advirti\u00f3.<br>\u00a0Esta alarma, y la esperanzadora alternativa de una nueva arquitectura internacional de seguridad y desarrollo, es el mensaje unificado que todos los representantes y organizadores del Instituto Schiller y del movimiento LaRouche difundir\u00e1n a trav\u00e9s de entrevistas en los medios informativos y otras actividades en todo el planeta en los pr\u00f3ximos d\u00edas, incluyendo la difusi\u00f3n de la declaraci\u00f3n\u00a0\u201c<a href=\"https:\/\/es-schillerinstitute.nationbuilder.com\/alejemonos_del_umbral_de_la_tercera_guerra_mundial?e=c107488287b33525b6211a50cbedbd74&amp;utm_source=schillerinstitute&amp;utm_medium=email&amp;utm_campaign=invitacion_cip_105&amp;n=4\" target=\"_blank\" rel=\"noreferrer noopener\">\u00a1Alej\u00e9monos del umbral de la Tercera Guerra Mundial!<\/a>\u201d.\u00a0 \u00a0\u00a0 Con ese fin, reuniremos todas las fuerzas por la paz y el desarrollo en todo el mundo en la pr\u00f3xima\u00a0<a href=\"https:\/\/es-schillerinstitute.nationbuilder.com\/reunion_cip?e=c107488287b33525b6211a50cbedbd74&amp;utm_source=schillerinstitute&amp;utm_medium=email&amp;utm_campaign=invitacion_cip_105&amp;n=5\" target=\"_blank\" rel=\"noreferrer noopener\">reuni\u00f3n de la Coalici\u00f3n Internacional por la Paz (CIP)<\/a>, que se llevar\u00e1 a cabo el viernes 6 de junio a las 11 de la ma\u00f1ana, hora del Este de Estados Unidos.<\/p>\n","protected":false},"excerpt":{"rendered":"<p>(Instituto Schiler).-Los presidentes Donald Trump y Vlad\u00edmir Putin finalmente tuvieron este 4 de junio, una&hellip;<\/p>\n","protected":false},"author":2,"featured_media":71615,"comment_status":"open","ping_status":"open","sticky":false,"template":"","format":"standard","meta":{"footnotes":""},"categories":[78,52],"tags":[],"class_list":["post-73460","post","type-post","status-publish","format-standard","has-post-thumbnail","hentry","category-eirns","category-internacionales"],"_links":{"self":[{"href":"https:\/\/eldiarioantillano.com\/uno\/wp-json\/wp\/v2\/posts\/73460","targetHints":{"allow":["GET"]}}],"collection":[{"href":"https:\/\/eldiarioantillano.com\/uno\/wp-json\/wp\/v2\/posts"}],"about":[{"href":"https:\/\/eldiarioantillano.com\/uno\/wp-json\/wp\/v2\/types\/post"}],"author":[{"embeddable":true,"href":"https:\/\/eldiarioantillano.com\/uno\/wp-json\/wp\/v2\/users\/2"}],"replies":[{"embeddable":true,"href":"https:\/\/eldiarioantillano.com\/uno\/wp-json\/wp\/v2\/comments?post=73460"}],"version-history":[{"count":1,"href":"https:\/\/eldiarioantillano.com\/uno\/wp-json\/wp\/v2\/posts\/73460\/revisions"}],"predecessor-version":[{"id":73461,"href":"https:\/\/eldiarioantillano.com\/uno\/wp-json\/wp\/v2\/posts\/73460\/revisions\/73461"}],"wp:featuredmedia":[{"embeddable":true,"href":"https:\/\/eldiarioantillano.com\/uno\/wp-json\/wp\/v2\/media\/71615"}],"wp:attachment":[{"href":"https:\/\/eldiarioantillano.com\/uno\/wp-json\/wp\/v2\/media?parent=73460"}],"wp:term":[{"taxonomy":"category","embeddable":true,"href":"https:\/\/eldiarioantillano.com\/uno\/wp-json\/wp\/v2\/categories?post=73460"},{"taxonomy":"post_tag","embeddable":true,"href":"https:\/\/eldiarioantillano.com\/uno\/wp-json\/wp\/v2\/tags?post=73460"}],"curies":[{"name":"wp","href":"https:\/\/api.w.org\/{rel}","templated":true}]}}