{"id":73392,"date":"2025-06-04T00:00:00","date_gmt":"2025-06-04T04:00:00","guid":{"rendered":"https:\/\/eldiarioantillano.com\/uno\/?p=73392"},"modified":"2025-06-03T21:32:09","modified_gmt":"2025-06-04T01:32:09","slug":"realizan-marcha-en-santiago-demandando-rebaja-en-precios-de-alimentos-y-medicinas","status":"publish","type":"post","link":"https:\/\/eldiarioantillano.com\/uno\/2025\/06\/04\/realizan-marcha-en-santiago-demandando-rebaja-en-precios-de-alimentos-y-medicinas\/","title":{"rendered":"Realizan marcha en Santiago demandando rebaja en precios de alimentos y medicinas"},"content":{"rendered":"\n<figure class=\"wp-block-embed is-type-video is-provider-youtube wp-block-embed-youtube wp-embed-aspect-16-9 wp-has-aspect-ratio\"><div class=\"wp-block-embed__wrapper\">\n<iframe title=\"Realizan marcha en Santiago demandando rebaja en precios de alimentos y medicinas\" width=\"1170\" height=\"658\" src=\"https:\/\/www.youtube.com\/embed\/s_3cOZ8zLe0?feature=oembed\" frameborder=\"0\" allow=\"accelerometer; autoplay; clipboard-write; encrypted-media; gyroscope; picture-in-picture; web-share\" referrerpolicy=\"strict-origin-when-cross-origin\" allowfullscreen><\/iframe>\n<\/div><\/figure>\n\n\n\n<p>La concentraci\u00f3n fue promovida por el Frente Amplio y recorri\u00f3 diversas calles del populoso sector de Pueblo Nuevo en que participaron varios de sus dirigentes, militantes y del p\u00fablico general.\u00a0<br><br><br><\/p>\n\n\n<div class=\"wp-block-image\">\n<figure class=\"aligncenter size-large\"><img fetchpriority=\"high\" decoding=\"async\" width=\"1024\" height=\"576\" src=\"https:\/\/eldiarioantillano.com\/uno\/wp-content\/uploads\/2025\/06\/IMG-20250601-WA0032-1024x576.jpg\" alt=\"\" class=\"wp-image-73396\" srcset=\"https:\/\/eldiarioantillano.com\/uno\/wp-content\/uploads\/2025\/06\/IMG-20250601-WA0032-1024x576.jpg 1024w, https:\/\/eldiarioantillano.com\/uno\/wp-content\/uploads\/2025\/06\/IMG-20250601-WA0032-300x169.jpg 300w, https:\/\/eldiarioantillano.com\/uno\/wp-content\/uploads\/2025\/06\/IMG-20250601-WA0032-768x432.jpg 768w, https:\/\/eldiarioantillano.com\/uno\/wp-content\/uploads\/2025\/06\/IMG-20250601-WA0032-1536x864.jpg 1536w, https:\/\/eldiarioantillano.com\/uno\/wp-content\/uploads\/2025\/06\/IMG-20250601-WA0032-1200x675.jpg 1200w, https:\/\/eldiarioantillano.com\/uno\/wp-content\/uploads\/2025\/06\/IMG-20250601-WA0032-1170x658.jpg 1170w, https:\/\/eldiarioantillano.com\/uno\/wp-content\/uploads\/2025\/06\/IMG-20250601-WA0032-585x329.jpg 585w, https:\/\/eldiarioantillano.com\/uno\/wp-content\/uploads\/2025\/06\/IMG-20250601-WA0032.jpg 1599w\" sizes=\"(max-width: 1024px) 100vw, 1024px\" \/><figcaption class=\"wp-element-caption\">El dirigente gremial y pol\u00edtico cibae\u00f1o Juan N\u00fa\u00f1ez habla a los medios de comunicaci\u00f3n durante la marcha.<br><br><br><\/figcaption><\/figure>\n<\/div>","protected":false},"excerpt":{"rendered":"<p>La concentraci\u00f3n fue promovida por el Frente Amplio y recorri\u00f3 diversas calles del populoso sector&hellip;<\/p>\n","protected":false},"author":2,"featured_media":73395,"comment_status":"open","ping_status":"open","sticky":false,"template":"","format":"standard","meta":{"footnotes":""},"categories":[55],"tags":[],"class_list":["post-73392","post","type-post","status-publish","format-standard","has-post-thumbnail","hentry","category-nacionales"],"_links":{"self":[{"href":"https:\/\/eldiarioantillano.com\/uno\/wp-json\/wp\/v2\/posts\/73392","targetHints":{"allow":["GET"]}}],"collection":[{"href":"https:\/\/eldiarioantillano.com\/uno\/wp-json\/wp\/v2\/posts"}],"about":[{"href":"https:\/\/eldiarioantillano.com\/uno\/wp-json\/wp\/v2\/types\/post"}],"author":[{"embeddable":true,"href":"https:\/\/eldiarioantillano.com\/uno\/wp-json\/wp\/v2\/users\/2"}],"replies":[{"embeddable":true,"href":"https:\/\/eldiarioantillano.com\/uno\/wp-json\/wp\/v2\/comments?post=73392"}],"version-history":[{"count":1,"href":"https:\/\/eldiarioantillano.com\/uno\/wp-json\/wp\/v2\/posts\/73392\/revisions"}],"predecessor-version":[{"id":73400,"href":"https:\/\/eldiarioantillano.com\/uno\/wp-json\/wp\/v2\/posts\/73392\/revisions\/73400"}],"wp:featuredmedia":[{"embeddable":true,"href":"https:\/\/eldiarioantillano.com\/uno\/wp-json\/wp\/v2\/media\/73395"}],"wp:attachment":[{"href":"https:\/\/eldiarioantillano.com\/uno\/wp-json\/wp\/v2\/media?parent=73392"}],"wp:term":[{"taxonomy":"category","embeddable":true,"href":"https:\/\/eldiarioantillano.com\/uno\/wp-json\/wp\/v2\/categories?post=73392"},{"taxonomy":"post_tag","embeddable":true,"href":"https:\/\/eldiarioantillano.com\/uno\/wp-json\/wp\/v2\/tags?post=73392"}],"curies":[{"name":"wp","href":"https:\/\/api.w.org\/{rel}","templated":true}]}}