{"id":73378,"date":"2025-06-03T00:00:00","date_gmt":"2025-06-03T04:00:00","guid":{"rendered":"https:\/\/eldiarioantillano.com\/uno\/?p=73378"},"modified":"2025-06-02T22:04:03","modified_gmt":"2025-06-03T02:04:03","slug":"gobierno-de-haiti-apuesta-por-las-elecciones","status":"publish","type":"post","link":"https:\/\/eldiarioantillano.com\/uno\/2025\/06\/03\/gobierno-de-haiti-apuesta-por-las-elecciones\/","title":{"rendered":"Gobierno de Hait\u00ed apuesta por las elecciones"},"content":{"rendered":"\n<p>Puerto Pr\u00edncipe, (Prensa Latina) El gobierno de Hait\u00ed sigue esperanzado hoy con la celebraci\u00f3n de un referendo constitucional y las elecciones generales previstas para 15 de noviembre del a\u00f1o en curso.<\/p>\n\n\n\n<p>Alix Didier, primer ministro transitorio acompa\u00f1ado por miembros del Consejo Electoral Provisional, realiz\u00f3 una visita t\u00e9cnica al centro donde es almacenado el material electoral sensible y no sensible.<\/p>\n\n\n\n<p>Seg\u00fan el diario digital Hait\u00ed Libre, est\u00e1n disponibles m\u00e1s de 15 mil tabletas digitales para el registro de votantes, y nueve contenedores con documentos est\u00e1n listos para ser desplegados en las regiones, cada lote es cuidadosamente clasificado por departamento.<\/p>\n\n\n\n<p>Muchos de esos \u00fatiles fueron adquiridos desde 2021, ejemplo de ello son, las urnas, cabinas de votaci\u00f3n, l\u00e1mparas, l\u00e1pices de cera, tinta indeleble, entre otros.<\/p>\n\n\n\n<p>Con este encuentro, el Estado reafirm\u00f3 su compromiso con el restablecimiento del orden constitucional, el fortalecimiento de la participaci\u00f3n ciudadana y la garant\u00eda de un proceso electoral transparente, cre\u00edble e inclusivo.<\/p>\n\n\n\n<p>El referendo constitucional estaba previsto en mayo, pero la seguridad sigue siendo precaria en Hait\u00ed y tuvieron que suspenderlo.<\/p>\n\n\n\n<p>Muchos sectores dudan que el Consejo Presidencial de Transici\u00f3n pueda derrocar el poder de las pandillas que ya controlan m\u00e1s del 85 por ciento de Puerto Pr\u00edncipe.<\/p>\n\n\n\n<p>oda\/joe<\/p>\n","protected":false},"excerpt":{"rendered":"<p>Puerto Pr\u00edncipe, (Prensa Latina) El gobierno de Hait\u00ed sigue esperanzado hoy con la celebraci\u00f3n de&hellip;<\/p>\n","protected":false},"author":2,"featured_media":73379,"comment_status":"open","ping_status":"open","sticky":false,"template":"","format":"standard","meta":{"footnotes":""},"categories":[52,53],"tags":[],"class_list":["post-73378","post","type-post","status-publish","format-standard","has-post-thumbnail","hentry","category-internacionales","category-prensa-latina"],"_links":{"self":[{"href":"https:\/\/eldiarioantillano.com\/uno\/wp-json\/wp\/v2\/posts\/73378","targetHints":{"allow":["GET"]}}],"collection":[{"href":"https:\/\/eldiarioantillano.com\/uno\/wp-json\/wp\/v2\/posts"}],"about":[{"href":"https:\/\/eldiarioantillano.com\/uno\/wp-json\/wp\/v2\/types\/post"}],"author":[{"embeddable":true,"href":"https:\/\/eldiarioantillano.com\/uno\/wp-json\/wp\/v2\/users\/2"}],"replies":[{"embeddable":true,"href":"https:\/\/eldiarioantillano.com\/uno\/wp-json\/wp\/v2\/comments?post=73378"}],"version-history":[{"count":1,"href":"https:\/\/eldiarioantillano.com\/uno\/wp-json\/wp\/v2\/posts\/73378\/revisions"}],"predecessor-version":[{"id":73383,"href":"https:\/\/eldiarioantillano.com\/uno\/wp-json\/wp\/v2\/posts\/73378\/revisions\/73383"}],"wp:featuredmedia":[{"embeddable":true,"href":"https:\/\/eldiarioantillano.com\/uno\/wp-json\/wp\/v2\/media\/73379"}],"wp:attachment":[{"href":"https:\/\/eldiarioantillano.com\/uno\/wp-json\/wp\/v2\/media?parent=73378"}],"wp:term":[{"taxonomy":"category","embeddable":true,"href":"https:\/\/eldiarioantillano.com\/uno\/wp-json\/wp\/v2\/categories?post=73378"},{"taxonomy":"post_tag","embeddable":true,"href":"https:\/\/eldiarioantillano.com\/uno\/wp-json\/wp\/v2\/tags?post=73378"}],"curies":[{"name":"wp","href":"https:\/\/api.w.org\/{rel}","templated":true}]}}