{"id":73376,"date":"2025-06-02T00:10:00","date_gmt":"2025-06-02T04:10:00","guid":{"rendered":"https:\/\/eldiarioantillano.com\/uno\/?p=73376"},"modified":"2025-06-02T22:00:03","modified_gmt":"2025-06-03T02:00:03","slug":"catalejo-los-suenos-en-la-ninez","status":"publish","type":"post","link":"https:\/\/eldiarioantillano.com\/uno\/2025\/06\/02\/catalejo-los-suenos-en-la-ninez\/","title":{"rendered":"CATALEJO: Los sue\u00f1os en la ni\u00f1ez"},"content":{"rendered":"\n<p>Por ANULFO MATEO PEREZ<\/p>\n\n\n\n<p>2 de 2<\/p>\n\n\n<div class=\"wp-block-image is-style-rounded\">\n<figure class=\"alignright size-thumbnail\"><img decoding=\"async\" width=\"150\" height=\"150\" src=\"https:\/\/eldiarioantillano.com\/uno\/wp-content\/uploads\/2023\/12\/Anulfo-Mateo-Perez-catalejo-columna-780x470-1-e1704860213105-150x150.jpg\" alt=\"\" class=\"wp-image-64779\"\/><figcaption class=\"wp-element-caption\">Anulfo Mateo P\u00e9rez<\/figcaption><\/figure>\n<\/div>\n\n\n<p>Cuando un ni\u00f1o o ni\u00f1a durante la noche se despierta llorando, ese estado puede deberse a causas distintas, pero debo enfatizar que hay que tener presente si se trata de \u201cterror nocturno\u201d, que es un estado de miedo, en que el impacto del material on\u00edrico desborda la realidad.<\/p>\n\n\n\n<p>El infante, entre los 3 y los 12 a\u00f1os, se mantiene temeroso en un estado intermedio, entre la vigilia y el sue\u00f1o, sin poder despertar y hacer contacto con la realidad, a pesar de los est\u00edmulos de los padres o tutores.<\/p>\n\n\n\n<p>El ni\u00f1o con los ojos abiertos no logra reconocer con claridad a quienes le rodean y no tienen la significaci\u00f3n real frente al impacto de lo so\u00f1ado. En ese momento, puede presentarse sudoraci\u00f3n profusa.<\/p>\n\n\n\n<p>Pero, adem\u00e1s, y es muy importante, la desorientaci\u00f3n, alucinaciones visuales; suelen orinarse en la cama involuntariamente, debido al estr\u00e9s y confusi\u00f3n que en ese momento le afecta.<\/p>\n\n\n\n<p>Son frecuentes las alucinaciones hipnag\u00f3gicas (muy com\u00fan al inicio del sue\u00f1o), y las hipnop\u00f3mpicas (al final del sue\u00f1o), en la fase crepuscular, entre el sue\u00f1o y la vigilia.<\/p>\n\n\n\n<p>Las pesadillas tambi\u00e9n atormentan a los ni\u00f1os, m\u00e1s frecuentemente en la edad escolar, con manifestaciones menos intensas, y al despertar pueden recobrar el sentido de realidad. Y en la mayor\u00eda de los casos no requieren tratamiento m\u00e9dico.<\/p>\n\n\n\n<p>Contrario a los adultos, los ni\u00f1os tienden a buscar el apoyo de sus padres, y en su ausencia el del hermano mayor o adulto m\u00e1s pr\u00f3ximo, dificultando la reconciliaci\u00f3n del sue\u00f1o por temor a repetir la experiencia.<\/p>\n\n\n\n<p>Algunas de las alteraciones de las descritas se vinculan a inmadurez cerebral, epilepsia, disritmias cerebrales o a importantes lesiones org\u00e1nicas del enc\u00e9falo, por ser producto de un parto dist\u00f3cico, trauma craneal o infecciones a ese nivel, entre otras.<\/p>\n","protected":false},"excerpt":{"rendered":"<p>Por ANULFO MATEO PEREZ 2 de 2 Cuando un ni\u00f1o o ni\u00f1a durante la noche&hellip;<\/p>\n","protected":false},"author":2,"featured_media":64779,"comment_status":"open","ping_status":"open","sticky":false,"template":"","format":"standard","meta":{"footnotes":""},"categories":[54,55,51],"tags":[],"class_list":["post-73376","post","type-post","status-publish","format-standard","has-post-thumbnail","hentry","category-anulfo-mateo","category-nacionales","category-opinion"],"_links":{"self":[{"href":"https:\/\/eldiarioantillano.com\/uno\/wp-json\/wp\/v2\/posts\/73376","targetHints":{"allow":["GET"]}}],"collection":[{"href":"https:\/\/eldiarioantillano.com\/uno\/wp-json\/wp\/v2\/posts"}],"about":[{"href":"https:\/\/eldiarioantillano.com\/uno\/wp-json\/wp\/v2\/types\/post"}],"author":[{"embeddable":true,"href":"https:\/\/eldiarioantillano.com\/uno\/wp-json\/wp\/v2\/users\/2"}],"replies":[{"embeddable":true,"href":"https:\/\/eldiarioantillano.com\/uno\/wp-json\/wp\/v2\/comments?post=73376"}],"version-history":[{"count":1,"href":"https:\/\/eldiarioantillano.com\/uno\/wp-json\/wp\/v2\/posts\/73376\/revisions"}],"predecessor-version":[{"id":73377,"href":"https:\/\/eldiarioantillano.com\/uno\/wp-json\/wp\/v2\/posts\/73376\/revisions\/73377"}],"wp:featuredmedia":[{"embeddable":true,"href":"https:\/\/eldiarioantillano.com\/uno\/wp-json\/wp\/v2\/media\/64779"}],"wp:attachment":[{"href":"https:\/\/eldiarioantillano.com\/uno\/wp-json\/wp\/v2\/media?parent=73376"}],"wp:term":[{"taxonomy":"category","embeddable":true,"href":"https:\/\/eldiarioantillano.com\/uno\/wp-json\/wp\/v2\/categories?post=73376"},{"taxonomy":"post_tag","embeddable":true,"href":"https:\/\/eldiarioantillano.com\/uno\/wp-json\/wp\/v2\/tags?post=73376"}],"curies":[{"name":"wp","href":"https:\/\/api.w.org\/{rel}","templated":true}]}}