{"id":73362,"date":"2025-06-01T00:05:00","date_gmt":"2025-06-01T04:05:00","guid":{"rendered":"https:\/\/eldiarioantillano.com\/uno\/?p=73362"},"modified":"2025-05-31T23:40:24","modified_gmt":"2025-06-01T03:40:24","slug":"las-calles-siempre-las-calles","status":"publish","type":"post","link":"https:\/\/eldiarioantillano.com\/uno\/2025\/06\/01\/las-calles-siempre-las-calles\/","title":{"rendered":"Las calles, siempre las calles"},"content":{"rendered":"\n<p>Por C\u00c9SAR P\u00c9REZ<\/p>\n\n\n<div class=\"wp-block-image is-style-rounded\">\n<figure class=\"alignright size-thumbnail\"><img decoding=\"async\" width=\"150\" height=\"150\" src=\"https:\/\/eldiarioantillano.com\/uno\/wp-content\/uploads\/2023\/10\/Cesar-Perez-150x150.png\" alt=\"\" class=\"wp-image-63777\" srcset=\"https:\/\/eldiarioantillano.com\/uno\/wp-content\/uploads\/2023\/10\/Cesar-Perez-150x150.png 150w, https:\/\/eldiarioantillano.com\/uno\/wp-content\/uploads\/2023\/10\/Cesar-Perez-585x585.png 585w\" sizes=\"(max-width: 150px) 100vw, 150px\" \/><figcaption class=\"wp-element-caption\">C\u00e9sar P\u00e9rez<\/figcaption><\/figure>\n<\/div>\n\n\n<p>De las calles surgi\u00f3 el \u00e1gora, la plaza\/mercado, de esta la pluralidad de las interacciones sociales, la primera forma de organizaci\u00f3n relativamente democr\u00e1tica del territorio: el ayuntamiento y de este el Estado\/naci\u00f3n. Por eso se dice que en las calles naci\u00f3 la democracia. En ellas se construyeron los movimientos gremiales y sindicales de occidente, de los cuales surgieron los partidos progresistas y las instituciones pol\u00edticas modernas. Las calles del centro hist\u00f3rico de nuestra ciudad capital fueron el escenario de las primeras luchas de masas contra los remanentes del trujillismo y posteriormente de la defensa de la soberan\u00eda nacional en 1965. Hoy, los grup\u00fasculos nazis\/fascistas y quienes tratan de ser sus titiriteros, se proponen impedir que en ellas se manifiesten los sectores democr\u00e1ticos de la naci\u00f3n.<\/p>\n\n\n\n<p>De las diversas expresiones ultranacionalistas, el denominado grupo Antigua Orden es el m\u00e1s visible y agresivo, por lo cual algunos se proponen instrumentalizarlo para tratar de lograr lo que nunca han tenido en la historia pol\u00edtica del pa\u00eds: un movimiento o partido de cierta relevancia sustentado en el ultranacionalismo, la xenofobia y el elitismo rampante. Una familia de ra\u00edz trujillista, junto a diversos sectores ultraderechistas, lo ha intentado por d\u00e9cadas sin lograr salir de la insignificancia pol\u00edtica\/electoral. Para alcanzar su objetivo, quieren aprovechar la presente coyuntura internacional del auge del populismo ultranacionalismo xenof\u00f3bico\/racista y el hecho de que por primera vez en el pa\u00eds se promueve abiertamente el antihaitianismo xenof\u00f3bico desde diversas instituciones pol\u00edticas, sociales, de la comunicaci\u00f3n e incluso acad\u00e9micas.<\/p>\n\n\n\n<p>Hasta el momento, las posibilidades de construir ese movimiento\/partido son bajas porque los sectores pol\u00edticos, sociales y empresariales m\u00e1s responsables y representativos del pa\u00eds saben que, si hay una manera de arruinar definitivamente lo que hasta ahora se ha logrado como pa\u00eds en t\u00e9rminos estabilidad pol\u00edtica, econ\u00f3mica y del potencial que a\u00fan tenemos, es que los grupos ultras logren incidir de manera decisiva en una aventura pol\u00edtica que trastrueque el sistema pol\u00edtico. Mientras tanto, los grupos paramilitares incrementan sus agresiones contra las fuerzas democr\u00e1ticas cuando estas se manifiestan en las calles, contra sus locales y contra connotados exponentes de esas fuerzas. Todo eso con una pasividad del gobierno, que se convierte en est\u00edmulos para el terrorismo f\u00edsico y verbal del ultranacionalismo.<\/p>\n\n\n\n<p>En ese sentido, son pertinentes algunas reflexiones. La historia registra que los grupos neonazis y neofascistas aprovecharon la pasividad de los gobiernos de los pa\u00edses en que fueron y son poder para imponer sus posiciones extremistas y represivas no s\u00f3lo al movimiento progresista, sino a sectores liberales de la clase dominante. Destruyen las instituciones democr\u00e1ticas b\u00e1sicas y de la clase pol\u00edtica nadie est\u00e1 a salvo. Arrasan con todo. Por otro lado, a veces los partidos act\u00faan como movimientos, pero al llegar al poder se convierten en aparatos burocr\u00e1ticos que se alejan de sus bases y de sus promesas. El entonces PRD es un ejemplo, junto a las izquierdas fue puntal de la resistencia al balaguerismo, pero una vez en el poder no cumpli\u00f3 las expectativas creadas.<\/p>\n\n\n\n<p>El PRM lleg\u00f3 al poder impulsado por la ola de protesta en las calles del movimiento Marcha Verde, del 17 al 20, contra las estructuras corruptas de los gobiernos del PLD. Al sumarse a ese movimiento, y a diversas formas de agregaci\u00f3n pol\u00edtico\/social, partidarias y de individualidades, se expres\u00f3 en ese momento como un partido\/movimiento. Pero, desde el poder ha asumido posiciones conservadoras en temas cruciales, coincidiendo en el migratorio con los grupos ultranacionalistas y sobredimensionando a personajes de conocidas posiciones xen\u00f3fobas en los \u00e1mbitos pol\u00edtico y jur\u00eddico e impulsores y\/o defensores de la Sentencia 168-13. De hecho, con estos tiene una alianza ins\u00f3lita.<\/p>\n\n\n\n<p>Esa coincidencia estimula el accionar y vandalismo de los paramilitares y el activismo del amasijo ultranacionalistas que pretenden aprovechar la ola del populismo ultranacionalista que sacude el mundo, que de algunas formas se refleja en el pa\u00eds, para impulsar su proyecto. De ese amasijo, son conocidos los generalotes de tendencia neofascista\/trujillistas anidados a varios partiduchos y en el principal partido de la oposici\u00f3n. En ese sentido, el grupo paramilitar acaba de anunciar que ir\u00e1 a Dajab\u00f3n, donde el alcalde, arrog\u00e1ndose una competencia que no tiene, amenaza con expulsar de all\u00ed a quienes considere \u201cmigrantes irregulares\u201d. El objetivo de los paramilitares y sus patrocinadores es ir m\u00e1s all\u00e1 de las calles, es penetrar en todo el territorio, al tiempo de tratar de limitar los derechos de las fuerzas democr\u00e1ticas al uso de esos espacios.<\/p>\n\n\n\n<p>Es una t\u00e1ctica parecida a la de los nazis y los fascistas de las camisas pardas y negras en las d\u00e9cadas 20-30 en Alemania e Italia, respectivamente, contra los sectores progresistas. Ante semejante desprop\u00f3sito, es inaceptable la t\u00edmida reacci\u00f3n de quienes desde el poder est\u00e1n obligados a salvaguardar esos derechos, y tambi\u00e9n el silencio de tantos ante la embestida de la ultraderecha contra los derechos ciudadanos, buscando el poder incompartido en el pa\u00eds. Ser\u00eda una lastimosa iron\u00eda que un gobierno nacido de las acciones en las calles, b\u00e1sicamente, permita que en ellas y en el territorio se imponga la bestia de la intolerancia. De permitirlo, asumir\u00edan, adem\u00e1s de un riesgo pol\u00edtico en t\u00e9rminos electorales, una mancha irremediablemente indeleble.<\/p>\n","protected":false},"excerpt":{"rendered":"<p>Por C\u00c9SAR P\u00c9REZ De las calles surgi\u00f3 el \u00e1gora, la plaza\/mercado, de esta la pluralidad&hellip;<\/p>\n","protected":false},"author":2,"featured_media":63777,"comment_status":"open","ping_status":"open","sticky":false,"template":"","format":"standard","meta":{"footnotes":""},"categories":[71,55,51],"tags":[],"class_list":["post-73362","post","type-post","status-publish","format-standard","has-post-thumbnail","hentry","category-cesar-perez","category-nacionales","category-opinion"],"_links":{"self":[{"href":"https:\/\/eldiarioantillano.com\/uno\/wp-json\/wp\/v2\/posts\/73362","targetHints":{"allow":["GET"]}}],"collection":[{"href":"https:\/\/eldiarioantillano.com\/uno\/wp-json\/wp\/v2\/posts"}],"about":[{"href":"https:\/\/eldiarioantillano.com\/uno\/wp-json\/wp\/v2\/types\/post"}],"author":[{"embeddable":true,"href":"https:\/\/eldiarioantillano.com\/uno\/wp-json\/wp\/v2\/users\/2"}],"replies":[{"embeddable":true,"href":"https:\/\/eldiarioantillano.com\/uno\/wp-json\/wp\/v2\/comments?post=73362"}],"version-history":[{"count":1,"href":"https:\/\/eldiarioantillano.com\/uno\/wp-json\/wp\/v2\/posts\/73362\/revisions"}],"predecessor-version":[{"id":73363,"href":"https:\/\/eldiarioantillano.com\/uno\/wp-json\/wp\/v2\/posts\/73362\/revisions\/73363"}],"wp:featuredmedia":[{"embeddable":true,"href":"https:\/\/eldiarioantillano.com\/uno\/wp-json\/wp\/v2\/media\/63777"}],"wp:attachment":[{"href":"https:\/\/eldiarioantillano.com\/uno\/wp-json\/wp\/v2\/media?parent=73362"}],"wp:term":[{"taxonomy":"category","embeddable":true,"href":"https:\/\/eldiarioantillano.com\/uno\/wp-json\/wp\/v2\/categories?post=73362"},{"taxonomy":"post_tag","embeddable":true,"href":"https:\/\/eldiarioantillano.com\/uno\/wp-json\/wp\/v2\/tags?post=73362"}],"curies":[{"name":"wp","href":"https:\/\/api.w.org\/{rel}","templated":true}]}}