{"id":73334,"date":"2025-05-31T00:47:20","date_gmt":"2025-05-31T04:47:20","guid":{"rendered":"https:\/\/eldiarioantillano.com\/uno\/?p=73334"},"modified":"2025-05-31T00:47:21","modified_gmt":"2025-05-31T04:47:21","slug":"haaretz-insiste-hay-que-acabar-con-esto-ahora-o-llevar-la-marca-de-cain-durante-generaciones-2","status":"publish","type":"post","link":"https:\/\/eldiarioantillano.com\/uno\/2025\/05\/31\/haaretz-insiste-hay-que-acabar-con-esto-ahora-o-llevar-la-marca-de-cain-durante-generaciones-2\/","title":{"rendered":"Haaretz insiste: hay que acabar con esto ahora o llevar \u201cla marca de Ca\u00edn\u201d durante generaciones"},"content":{"rendered":"\n<figure class=\"wp-block-image size-large is-style-default\"><img fetchpriority=\"high\" decoding=\"async\" width=\"1024\" height=\"684\" src=\"https:\/\/eldiarioantillano.com\/uno\/wp-content\/uploads\/2024\/04\/pexels-cottonbro-studio-4033852-scaled-1-1024x684.jpg\" alt=\"\" class=\"wp-image-65306\" style=\"aspect-ratio:16\/9;object-fit:cover\" srcset=\"https:\/\/eldiarioantillano.com\/uno\/wp-content\/uploads\/2024\/04\/pexels-cottonbro-studio-4033852-scaled-1-1024x684.jpg 1024w, https:\/\/eldiarioantillano.com\/uno\/wp-content\/uploads\/2024\/04\/pexels-cottonbro-studio-4033852-scaled-1-300x200.jpg 300w, https:\/\/eldiarioantillano.com\/uno\/wp-content\/uploads\/2024\/04\/pexels-cottonbro-studio-4033852-scaled-1-768x513.jpg 768w, https:\/\/eldiarioantillano.com\/uno\/wp-content\/uploads\/2024\/04\/pexels-cottonbro-studio-4033852-scaled-1-1536x1026.jpg 1536w, https:\/\/eldiarioantillano.com\/uno\/wp-content\/uploads\/2024\/04\/pexels-cottonbro-studio-4033852-scaled-1-2048x1368.jpg 2048w, https:\/\/eldiarioantillano.com\/uno\/wp-content\/uploads\/2024\/04\/pexels-cottonbro-studio-4033852-scaled-1-1920x1283.jpg 1920w, https:\/\/eldiarioantillano.com\/uno\/wp-content\/uploads\/2024\/04\/pexels-cottonbro-studio-4033852-scaled-1-1170x782.jpg 1170w, https:\/\/eldiarioantillano.com\/uno\/wp-content\/uploads\/2024\/04\/pexels-cottonbro-studio-4033852-scaled-1-585x391.jpg 585w, https:\/\/eldiarioantillano.com\/uno\/wp-content\/uploads\/2024\/04\/pexels-cottonbro-studio-4033852-scaled-1-263x175.jpg 263w\" sizes=\"(max-width: 1024px) 100vw, 1024px\" \/><figcaption class=\"wp-element-caption\">(Fotograf\u00eda por Cottonbro Studio)<\/figcaption><\/figure>\n\n\n\n<p><br>Mayo de 2025 (EIRNS)\u2014El editorial principal del 22 de mayo del peri\u00f3dico m\u00e1s antiguo de Israel, Haaretz, fue contundente: \u201cLa guerra en Gaza debe terminar de inmediato. El gobierno debe esforzarse por alcanzar un acuerdo para recuperar a todos los rehenes, retirar a las Fuerzas de Defensa de Israel de la Franja y poner fin a la guerra. Mientras los bombardeos contin\u00faan cobr\u00e1ndose la vida de decenas, si no cientos, de residentes, incluyendo beb\u00e9s y ni\u00f1os, y la hambruna se extiende, Israel se hunde en el fango y se deja una marca de Ca\u00edn en la frente que permanecer\u00e1 por generaciones\u201d.<\/p>\n\n\n\n<p>Los editores despertaron la opini\u00f3n mundial. \u201cEl mundo se ha dado cuenta de que no tiene sentido esperar a que Israel recupere la cordura\u2026 El tsunami pol\u00edtico ya est\u00e1 aqu\u00ed. Los l\u00edderes de Gran Breta\u00f1a, Canad\u00e1 y Francia anunciaron que considerar\u00e1n imponer sanciones. Veinticinco pa\u00edses occidentales emitieron una declaraci\u00f3n conjunta expresando su preocupaci\u00f3n por Gaza. Gran Breta\u00f1a congel\u00f3 las negociaciones para un acuerdo de libre comercio; el ministro de Asuntos Exteriores anunci\u00f3 sanciones a los colonos y cit\u00f3 a la embajadora israel\u00ed, Tzipi Hotovely, para una reprimenda formal. El ministro de Asuntos Exteriores de Francia declar\u00f3 que su pa\u00eds apoya una revisi\u00f3n del Acuerdo de Asociaci\u00f3n con Israel, y los ministros de Asuntos Exteriores de la Uni\u00f3n Europea se reunir\u00e1n para debatirlo. De los 27 pa\u00edses miembros de la UE, 17 ya han aprobado una reevaluaci\u00f3n de la base jur\u00eddica del acuerdo\u201d.<\/p>\n\n\n\n<p>Y m\u00e1s: \u201cEl Washington Post cit\u00f3 a una fuente que dijo que la gente del presidente estadounidense Donald Trump le est\u00e1 haciendo saber a Israel: \u201cLos abandonaremos si no terminan esta guerra\u201d\u201d. Concluyendo que Israel se \u201cconvertir\u00e1 en un estado paria vetado\u201d, los editores de Haaretz exigen: \u201cEl p\u00fablico israel\u00ed debe alzar la voz a favor de un acuerdo, a favor de terminar con la guerra y la hambruna, antes de que el mundo lo haga por nosotros\u201d.<\/p>\n","protected":false},"excerpt":{"rendered":"<p>Mayo de 2025 (EIRNS)\u2014El editorial principal del 22 de mayo del peri\u00f3dico m\u00e1s antiguo de&hellip;<\/p>\n","protected":false},"author":2,"featured_media":65306,"comment_status":"open","ping_status":"open","sticky":false,"template":"","format":"standard","meta":{"footnotes":""},"categories":[78,52],"tags":[],"class_list":["post-73334","post","type-post","status-publish","format-standard","has-post-thumbnail","hentry","category-eirns","category-internacionales"],"_links":{"self":[{"href":"https:\/\/eldiarioantillano.com\/uno\/wp-json\/wp\/v2\/posts\/73334","targetHints":{"allow":["GET"]}}],"collection":[{"href":"https:\/\/eldiarioantillano.com\/uno\/wp-json\/wp\/v2\/posts"}],"about":[{"href":"https:\/\/eldiarioantillano.com\/uno\/wp-json\/wp\/v2\/types\/post"}],"author":[{"embeddable":true,"href":"https:\/\/eldiarioantillano.com\/uno\/wp-json\/wp\/v2\/users\/2"}],"replies":[{"embeddable":true,"href":"https:\/\/eldiarioantillano.com\/uno\/wp-json\/wp\/v2\/comments?post=73334"}],"version-history":[{"count":1,"href":"https:\/\/eldiarioantillano.com\/uno\/wp-json\/wp\/v2\/posts\/73334\/revisions"}],"predecessor-version":[{"id":73335,"href":"https:\/\/eldiarioantillano.com\/uno\/wp-json\/wp\/v2\/posts\/73334\/revisions\/73335"}],"wp:featuredmedia":[{"embeddable":true,"href":"https:\/\/eldiarioantillano.com\/uno\/wp-json\/wp\/v2\/media\/65306"}],"wp:attachment":[{"href":"https:\/\/eldiarioantillano.com\/uno\/wp-json\/wp\/v2\/media?parent=73334"}],"wp:term":[{"taxonomy":"category","embeddable":true,"href":"https:\/\/eldiarioantillano.com\/uno\/wp-json\/wp\/v2\/categories?post=73334"},{"taxonomy":"post_tag","embeddable":true,"href":"https:\/\/eldiarioantillano.com\/uno\/wp-json\/wp\/v2\/tags?post=73334"}],"curies":[{"name":"wp","href":"https:\/\/api.w.org\/{rel}","templated":true}]}}