{"id":73327,"date":"2025-05-30T01:36:17","date_gmt":"2025-05-30T05:36:17","guid":{"rendered":"https:\/\/eldiarioantillano.com\/uno\/?p=73327"},"modified":"2025-05-30T01:45:09","modified_gmt":"2025-05-30T05:45:09","slug":"dia-de-la-libertad","status":"publish","type":"post","link":"https:\/\/eldiarioantillano.com\/uno\/2025\/05\/30\/dia-de-la-libertad\/","title":{"rendered":"D\u00eda de la Libertad"},"content":{"rendered":"\n<p>El 30 de mayo se conmemora en Rep\u00fablica Dominicana el D\u00eda de la Libertad, por ser la fecha en que fue ajusticiado el tirano Rafael Trujillo Molina, tras 31 a\u00f1os de cruel dictadura.<\/p>\n\n\n\n<p>El descabezamiento de la tiran\u00eda permiti\u00f3 el rescate de las libertades p\u00fablicas, la formaci\u00f3n de partidos pol\u00edticos y el inicio del tortuoso camino democr\u00e1tico, interrumpido por un golpe de Estado, en 1963, y la grosera e injustificada intervenci\u00f3n militar de Estados Unidos en 1965.<\/p>\n\n\n\n<p>El pueblo en las calles pudo impedir que el hijo del tirano, Ramfis Trujillo, continuara gobernando, en 1961, como pudo lograrlo m\u00e1s tarde Baby Doc Duvalier, en Hait\u00ed; y ese mismo pueblo pele\u00f3 por el rescate de la democracia en 1965, solo contenido por las tropas estadounidenses que impusieron el r\u00e9gimen neotrujillista de Joaqu\u00edn Balaguer, en 1966. Pero esa resistencia heroica sirvi\u00f3 como ratificaci\u00f3n de la soberan\u00eda nacional contra la prepotencia imperialista.<\/p>\n\n\n\n<p>Se necesitaron otros doce a\u00f1os largos de resistencia popular contra la represi\u00f3n de ese gobierno apoyado por el poder imperial para poder volver la sociedad al cauce democr\u00e1tico, con sus altas y bajas. Esas libertades p\u00fablicas se mantienen hoy y deben ser defendidas ante la avalancha de autoritarismo que se siente en Estados Unidos y todo el mundo, incluyendo a Rep\u00fablica Dominicana.<\/p>\n\n\n\n<p>Hoy el autoritarismo flagela las espaldas del inmigrante en Estados Unidos, en Puerto Rico y Rep\u00fablica Dominicana, entre otros pa\u00edses, pero esas mismas arbitrariedades que sufren dominicanos fuera de su tierra y haitianos aqu\u00ed pueden volcarse contra todos los dominicanos y dominicanas, especialmente contra la gran mayor\u00eda mulata y negra.<\/p>\n\n\n\n<p>Por eso debemos distinguir lo que es el nacionalismo aut\u00e9ntico, el de Juan Pablo Duarte que lider\u00f3 la creaci\u00f3n de la Rep\u00fablica y llam\u00f3 a defenderla frente a cualquier poder extranjero; muy diferente al seudonacionalismo neotrujillista, con su pasado criminal contra los haitianos, en 1937, y contra todos los dominicanos y dominicanas durante 31 a\u00f1os. Por eso fue ajusticiado el tirano el 30 de mayo de 1961 y por esa raz\u00f3n fue proclamado D\u00eda de la Libertad.<\/p>\n\n\n\n<p><\/p>\n","protected":false},"excerpt":{"rendered":"<p>El 30 de mayo se conmemora en Rep\u00fablica Dominicana el D\u00eda de la Libertad, por&hellip;<\/p>\n","protected":false},"author":2,"featured_media":73328,"comment_status":"open","ping_status":"open","sticky":false,"template":"","format":"standard","meta":{"footnotes":""},"categories":[49,55],"tags":[],"class_list":["post-73327","post","type-post","status-publish","format-standard","has-post-thumbnail","hentry","category-editorial","category-nacionales"],"_links":{"self":[{"href":"https:\/\/eldiarioantillano.com\/uno\/wp-json\/wp\/v2\/posts\/73327","targetHints":{"allow":["GET"]}}],"collection":[{"href":"https:\/\/eldiarioantillano.com\/uno\/wp-json\/wp\/v2\/posts"}],"about":[{"href":"https:\/\/eldiarioantillano.com\/uno\/wp-json\/wp\/v2\/types\/post"}],"author":[{"embeddable":true,"href":"https:\/\/eldiarioantillano.com\/uno\/wp-json\/wp\/v2\/users\/2"}],"replies":[{"embeddable":true,"href":"https:\/\/eldiarioantillano.com\/uno\/wp-json\/wp\/v2\/comments?post=73327"}],"version-history":[{"count":2,"href":"https:\/\/eldiarioantillano.com\/uno\/wp-json\/wp\/v2\/posts\/73327\/revisions"}],"predecessor-version":[{"id":73333,"href":"https:\/\/eldiarioantillano.com\/uno\/wp-json\/wp\/v2\/posts\/73327\/revisions\/73333"}],"wp:featuredmedia":[{"embeddable":true,"href":"https:\/\/eldiarioantillano.com\/uno\/wp-json\/wp\/v2\/media\/73328"}],"wp:attachment":[{"href":"https:\/\/eldiarioantillano.com\/uno\/wp-json\/wp\/v2\/media?parent=73327"}],"wp:term":[{"taxonomy":"category","embeddable":true,"href":"https:\/\/eldiarioantillano.com\/uno\/wp-json\/wp\/v2\/categories?post=73327"},{"taxonomy":"post_tag","embeddable":true,"href":"https:\/\/eldiarioantillano.com\/uno\/wp-json\/wp\/v2\/tags?post=73327"}],"curies":[{"name":"wp","href":"https:\/\/api.w.org\/{rel}","templated":true}]}}