{"id":73307,"date":"2025-05-29T21:26:19","date_gmt":"2025-05-30T01:26:19","guid":{"rendered":"https:\/\/eldiarioantillano.com\/uno\/?p=73307"},"modified":"2025-05-29T21:26:20","modified_gmt":"2025-05-30T01:26:20","slug":"tertulia-magaly-pineda-invita-al-dialogo-entre-el-amor-y-el-caos","status":"publish","type":"post","link":"https:\/\/eldiarioantillano.com\/uno\/2025\/05\/29\/tertulia-magaly-pineda-invita-al-dialogo-entre-el-amor-y-el-caos\/","title":{"rendered":"Tertulia Magaly Pineda invita al di\u00e1logo \u201cEntre el amor y el caos\u201d"},"content":{"rendered":"\n<figure class=\"wp-block-image size-large\"><img fetchpriority=\"high\" decoding=\"async\" width=\"1024\" height=\"686\" src=\"https:\/\/eldiarioantillano.com\/uno\/wp-content\/uploads\/2025\/05\/magaly-pineda-1943-2016-1024x686.webp\" alt=\"\" class=\"wp-image-73309\" style=\"aspect-ratio:16\/9;object-fit:cover\" srcset=\"https:\/\/eldiarioantillano.com\/uno\/wp-content\/uploads\/2025\/05\/magaly-pineda-1943-2016-1024x686.webp 1024w, https:\/\/eldiarioantillano.com\/uno\/wp-content\/uploads\/2025\/05\/magaly-pineda-1943-2016-300x201.webp 300w, https:\/\/eldiarioantillano.com\/uno\/wp-content\/uploads\/2025\/05\/magaly-pineda-1943-2016-768x515.webp 768w, https:\/\/eldiarioantillano.com\/uno\/wp-content\/uploads\/2025\/05\/magaly-pineda-1943-2016-1536x1029.webp 1536w, https:\/\/eldiarioantillano.com\/uno\/wp-content\/uploads\/2025\/05\/magaly-pineda-1943-2016-1920x1286.webp 1920w, https:\/\/eldiarioantillano.com\/uno\/wp-content\/uploads\/2025\/05\/magaly-pineda-1943-2016-1170x784.webp 1170w, https:\/\/eldiarioantillano.com\/uno\/wp-content\/uploads\/2025\/05\/magaly-pineda-1943-2016-585x392.webp 585w, https:\/\/eldiarioantillano.com\/uno\/wp-content\/uploads\/2025\/05\/magaly-pineda-1943-2016-263x175.webp 263w, https:\/\/eldiarioantillano.com\/uno\/wp-content\/uploads\/2025\/05\/magaly-pineda-1943-2016.webp 2000w\" sizes=\"(max-width: 1024px) 100vw, 1024px\" \/><figcaption class=\"wp-element-caption\">Magaly Pineda (Fuente externa).<\/figcaption><\/figure>\n\n\n\n<p class=\"wp-block-paragraph\"><em>El conversatorio tendr\u00e1 lugar este viernes 30 de mayo a las 7:00 de la noche en el Centro Cultural Banreservas, ubicado en la c<\/em><em>alle Isabel La Cat\u00f3lica #202, de la Zona Colonial<\/em><\/p>\n\n\n\n<p class=\"wp-block-paragraph\"><strong>Santo Domingo. &#8211;<\/strong>La Tertulia Feminista Magaly Pineda, junto al programa Libertarias, invita al di\u00e1logo \u201cMadres: entre el amor y el caos\u201d, una conversaci\u00f3n sobre maternidades reales: esas que brindan amor, protecci\u00f3n y cuidados; a la vez que dudan, colapsan y resisten, navegando contra la corriente de mandatos patriarcales.<\/p>\n\n\n\n<p class=\"wp-block-paragraph\"><a><\/a> El conversatorio tendr\u00e1 lugar este viernes 30 a las 7:00 pm en el Centro Cultural Banreservas, sito en la Isabel La Cat\u00f3lica #202, de la Zona Colonial. Tambi\u00e9n se celebrar\u00e1 el aniversario n\u00famero 9 de la Tertulia Feminista Magaly Pineda.<br>Las tertuliantes ser\u00e1n las madres y feministas Anny Minerva J\u00e1quez, Tahira Vargas y Altagracia Valdez Cordero; y la doula Leiko Hidaka. Ellas conversar\u00e1n con hombres y mujeres del p\u00fablico sobre las maravillas, pero tambi\u00e9n sobre los desaf\u00edos de la maternidad, desde una perspectiva feminista.<\/p>\n\n\n\n<p class=\"wp-block-paragraph\">En el encuentro se analizar\u00e1n diferentes maneras de ser madre y c\u00f3mo la maternidad es definida en el pa\u00eds. Tambi\u00e9n se dialogar\u00e1 sobre lo que pueden hacer las familias, hombres, comunidades y el Estado para que la maternidad sea ejercida en mejores condiciones y con m\u00e1s apoyo para las madres y sus hijos e hijas.<\/p>\n\n\n\n<p class=\"wp-block-paragraph\"><strong>M\u00e1s de las tertuliantes<\/strong><\/p>\n\n\n\n<p class=\"wp-block-paragraph\"><strong>Anny Minerva J\u00e1quez<\/strong> es abogada con un m\u00e1ster en Derecho Constitucional y Procesal Constitucional. Tambi\u00e9n es cofundadora de la Tertulia Feminista Sur y milita en el Frente Amplio y el Partido Comunista del Trabajo.<\/p>\n\n\n\n<p class=\"wp-block-paragraph\"><strong>Tahira Vargas Garc\u00eda<\/strong>, doctora en Antropolog\u00eda Social, es una destacada investigadora, intelectual y aliada de m\u00faltiples grupos hist\u00f3ricamente discriminados; en especial las mujeres, la comunidad LGBTQ, la poblaci\u00f3n rural y los grupos urbanos de menores ingresos. Ha hecho investigaciones sobre decenas de temas que afectan a estas poblaciones en Rep\u00fablica Dominicana, Suiza, Cuba, M\u00e9xico y Guinea Ecuatorial.<\/p>\n\n\n\n<p class=\"wp-block-paragraph\"><strong>Altagracia Valdez Cordero<\/strong> (Tat\u00e1) es psic\u00f3loga, egresada de la Maestr\u00eda en G\u00e9nero y Desarrollo de INTEC y directora y fundadora de Espacio Equilibrio, un lugar dedicado a la salud y bienestar de las personas. Tambi\u00e9n es experta en violencia contra las mujeres y ha formado parte de varias organizaciones feministas como el Centro de Investigaci\u00f3n para la Acci\u00f3n Femenina (CIPAF), Aquelarre y la Casa por la Identidad de la Mujer Negra.<\/p>\n\n\n\n<p class=\"wp-block-paragraph\"><strong>Leiko Hidaka<\/strong> se dedica a proveer apoyo a madres embarazadas y sus familias. Es doula de parto certificada por DONA International y tambi\u00e9n educadora prenatal certificada por la Asociaci\u00f3n Internacional de Educaci\u00f3n para el Parto (ICEA). Cuenta con estudios en parter\u00eda de la Escuela Dar a Luz de Puerto Rico y con una maestr\u00eda en Enfermer\u00eda Obst\u00e9trica.<\/p>\n\n\n\n<p class=\"wp-block-paragraph\"><strong>Sobre la Tertulia Feminista Magaly Pineda<\/strong><\/p>\n\n\n\n<p class=\"wp-block-paragraph\">La Tertulia es un espacio de construcci\u00f3n de conocimiento horizontal y colectivo, en el que mujeres de distintas generaciones y con diferentes perspectivas pol\u00edticas dialogan desde los feminismos sobre diversos temas como justicia, derechos humanos, arte, humanidades, movimientos sociales, etc. Pueden ver m\u00e1s sobre la Tertulia en Instagram: <a href=\"https:\/\/www.instagram.com\/tertuliafeministamp\/\">tertuliafeministamp<\/a><\/p>\n\n\n\n<p class=\"wp-block-paragraph\"><strong>Sobre Libertarias<\/strong><\/p>\n\n\n\n<p class=\"wp-block-paragraph\">Libertarias es un proyecto de periodismo enfocado en coberturas sobre derechos humanos, la situaci\u00f3n de las mujeres dominicanas, la desigualdad social y los feminismos. Se transmite por La Rep\u00fablica Radio, en La Nota. Pueden saber m\u00e1s sobre Libertarias en Instagram: <a href=\"https:\/\/www.instagram.com\/libertariasrd\/\">libertariasrd<\/a>.<\/p>\n","protected":false},"excerpt":{"rendered":"<p>El conversatorio tendr\u00e1 lugar este viernes 30 de mayo a las 7:00 de la noche&hellip;<\/p>\n","protected":false},"author":2,"featured_media":73309,"comment_status":"open","ping_status":"open","sticky":false,"template":"","format":"standard","meta":{"footnotes":""},"categories":[55],"tags":[],"class_list":["post-73307","post","type-post","status-publish","format-standard","has-post-thumbnail","hentry","category-nacionales"],"_links":{"self":[{"href":"https:\/\/eldiarioantillano.com\/uno\/wp-json\/wp\/v2\/posts\/73307","targetHints":{"allow":["GET"]}}],"collection":[{"href":"https:\/\/eldiarioantillano.com\/uno\/wp-json\/wp\/v2\/posts"}],"about":[{"href":"https:\/\/eldiarioantillano.com\/uno\/wp-json\/wp\/v2\/types\/post"}],"author":[{"embeddable":true,"href":"https:\/\/eldiarioantillano.com\/uno\/wp-json\/wp\/v2\/users\/2"}],"replies":[{"embeddable":true,"href":"https:\/\/eldiarioantillano.com\/uno\/wp-json\/wp\/v2\/comments?post=73307"}],"version-history":[{"count":1,"href":"https:\/\/eldiarioantillano.com\/uno\/wp-json\/wp\/v2\/posts\/73307\/revisions"}],"predecessor-version":[{"id":73310,"href":"https:\/\/eldiarioantillano.com\/uno\/wp-json\/wp\/v2\/posts\/73307\/revisions\/73310"}],"wp:featuredmedia":[{"embeddable":true,"href":"https:\/\/eldiarioantillano.com\/uno\/wp-json\/wp\/v2\/media\/73309"}],"wp:attachment":[{"href":"https:\/\/eldiarioantillano.com\/uno\/wp-json\/wp\/v2\/media?parent=73307"}],"wp:term":[{"taxonomy":"category","embeddable":true,"href":"https:\/\/eldiarioantillano.com\/uno\/wp-json\/wp\/v2\/categories?post=73307"},{"taxonomy":"post_tag","embeddable":true,"href":"https:\/\/eldiarioantillano.com\/uno\/wp-json\/wp\/v2\/tags?post=73307"}],"curies":[{"name":"wp","href":"https:\/\/api.w.org\/{rel}","templated":true}]}}