{"id":73298,"date":"2025-05-29T00:00:00","date_gmt":"2025-05-29T04:00:00","guid":{"rendered":"https:\/\/eldiarioantillano.com\/uno\/?p=73298"},"modified":"2025-05-31T00:39:35","modified_gmt":"2025-05-31T04:39:35","slug":"en-el-limbo-caso-de-kilmar-abrego-deportado-por-error-de-ee-uu","status":"publish","type":"post","link":"https:\/\/eldiarioantillano.com\/uno\/2025\/05\/29\/en-el-limbo-caso-de-kilmar-abrego-deportado-por-error-de-ee-uu\/","title":{"rendered":"En el limbo caso de Kilmar Abrego, deportado por error de EE.\u00a0UU."},"content":{"rendered":"\n<p class=\"wp-block-paragraph\">Washington, may (Prensa Latina) El caso de Kilmar Abrego Garc\u00eda, deportado err\u00f3neamente por Estados Unidos, y hoy en un limbo legal, volvi\u00f3 a captar la atenci\u00f3n medi\u00e1tica tras la negativa a un congresista de Maryland para reunirse con \u00e9l.<\/p>\n\n\n\n<p class=\"wp-block-paragraph\">Glenn Ivey, miembro de la C\u00e1mara de Representante por Maryland, afirm\u00f3 que no se le permiti\u00f3 un encuentro con \u00c1brego Garc\u00eda, su elector, durante su reciente visita a El Salvador, hacia donde lo enviaron.<\/p>\n\n\n\n<p class=\"wp-block-paragraph\">Ivey viaj\u00f3 a la naci\u00f3n centroamericana para ver c\u00f3mo estaba el inmigrante, quien fue deportado desde el pasado 15 de marzo en uno de los vuelos de Estados Unidos bajo un instrumento legislativo solo utilizado en tiempo de guerra, la Ley de Enemigos Extranjeros de 1798, invocada por el presidente Donald Trump.<\/p>\n\n\n\n<p class=\"wp-block-paragraph\">Inicialmente Abrego Garc\u00eda fue recluido en la prisi\u00f3n m\u00e1s conocida de El Salvador, el Centro de Confinamiento del Terrorismo (Cecot), pero fue trasladado a una c\u00e1rcel de menor seguridad.<\/p>\n\n\n\n<p class=\"wp-block-paragraph\">El dem\u00f3crata por Maryland declar\u00f3 en un video de 45 segundos publicado en Internet la v\u00edspera que su equipo present\u00f3 una solicitud formal a la Embajadora salvadore\u00f1a en Estados Unidos antes del viaje, pero luego se les inform\u00f3 que requer\u00edan un permiso.<\/p>\n\n\n\n<p class=\"wp-block-paragraph\">A principios de este a\u00f1o, la Corte Suprema dictamin\u00f3 que el presidente Trump debe facilitar el regreso de \u00c1brego Garc\u00eda a Estados Unidos, pero la orden legal se extiende en el tiempo.<\/p>\n\n\n\n<p class=\"wp-block-paragraph\">El presidente de El Salvador, Nayib Bukele, dijo durante su visita la Casa Blanca que no devolver\u00eda al hombre de 29 a\u00f1os, residente legal en Maryland, a quien el gobierno acusa de pertenecer a la MS-13, una pandilla transnacional designada como organizaci\u00f3n terrorista extranjera, una imputaci\u00f3n que su abogado y familia niega.<\/p>\n\n\n\n<p class=\"wp-block-paragraph\">Abrego Garc\u00eda fue protegido por un juez de inmigraci\u00f3n en 2019 de ser deportado a El Salvador. El Departamento de Justicia admiti\u00f3 que lo deport\u00f3 debido a un \u00aberror administrativo\u00bb. En abril, el senador Chris Van Hollen, dem\u00f3crata tambi\u00e9n de Maryland, se reuni\u00f3 con \u00e9l en el pa\u00eds centroamericano.<\/p>\n\n\n\n<p class=\"wp-block-paragraph\">mem\/dfm<\/p>\n","protected":false},"excerpt":{"rendered":"<p>Washington, may (Prensa Latina) El caso de Kilmar Abrego Garc\u00eda, deportado err\u00f3neamente por Estados Unidos,&hellip;<\/p>\n","protected":false},"author":2,"featured_media":73299,"comment_status":"open","ping_status":"open","sticky":false,"template":"","format":"standard","meta":{"footnotes":""},"categories":[52,53],"tags":[],"class_list":["post-73298","post","type-post","status-publish","format-standard","has-post-thumbnail","hentry","category-internacionales","category-prensa-latina"],"_links":{"self":[{"href":"https:\/\/eldiarioantillano.com\/uno\/wp-json\/wp\/v2\/posts\/73298","targetHints":{"allow":["GET"]}}],"collection":[{"href":"https:\/\/eldiarioantillano.com\/uno\/wp-json\/wp\/v2\/posts"}],"about":[{"href":"https:\/\/eldiarioantillano.com\/uno\/wp-json\/wp\/v2\/types\/post"}],"author":[{"embeddable":true,"href":"https:\/\/eldiarioantillano.com\/uno\/wp-json\/wp\/v2\/users\/2"}],"replies":[{"embeddable":true,"href":"https:\/\/eldiarioantillano.com\/uno\/wp-json\/wp\/v2\/comments?post=73298"}],"version-history":[{"count":1,"href":"https:\/\/eldiarioantillano.com\/uno\/wp-json\/wp\/v2\/posts\/73298\/revisions"}],"predecessor-version":[{"id":73300,"href":"https:\/\/eldiarioantillano.com\/uno\/wp-json\/wp\/v2\/posts\/73298\/revisions\/73300"}],"wp:featuredmedia":[{"embeddable":true,"href":"https:\/\/eldiarioantillano.com\/uno\/wp-json\/wp\/v2\/media\/73299"}],"wp:attachment":[{"href":"https:\/\/eldiarioantillano.com\/uno\/wp-json\/wp\/v2\/media?parent=73298"}],"wp:term":[{"taxonomy":"category","embeddable":true,"href":"https:\/\/eldiarioantillano.com\/uno\/wp-json\/wp\/v2\/categories?post=73298"},{"taxonomy":"post_tag","embeddable":true,"href":"https:\/\/eldiarioantillano.com\/uno\/wp-json\/wp\/v2\/tags?post=73298"}],"curies":[{"name":"wp","href":"https:\/\/api.w.org\/{rel}","templated":true}]}}