{"id":73279,"date":"2025-05-28T00:12:38","date_gmt":"2025-05-28T04:12:38","guid":{"rendered":"https:\/\/eldiarioantillano.com\/uno\/?p=73279"},"modified":"2025-05-28T00:12:39","modified_gmt":"2025-05-28T04:12:39","slug":"presidenta-de-mexico-condena-situacion-en-franja-de-gaza","status":"publish","type":"post","link":"https:\/\/eldiarioantillano.com\/uno\/2025\/05\/28\/presidenta-de-mexico-condena-situacion-en-franja-de-gaza\/","title":{"rendered":"Presidenta de M\u00e9xico condena situaci\u00f3n en Franja de Gaza"},"content":{"rendered":"\n<p>Ciudad de M\u00e9xico, (Prensa Latina) La presidenta de M\u00e9xico, Claudia Sheinbaum, conden\u00f3 la situaci\u00f3n en la Franja de Gaza, sometida a una ofensiva israel\u00ed desde 2023, con saldo de m\u00e1s de 54 mil muertos, la mayor\u00eda mujeres y ni\u00f1os.<\/p>\n\n\n\n<p>\u201cPrimero, condenamos esta situaci\u00f3n. Segundo, nosotros lo que buscamos es la paz y esa es la pol\u00edtica exterior de nuestro pa\u00eds\u201d, dijo la gobernante durante su habitual encuentro con periodistas.<\/p>\n\n\n\n<p>Record\u00f3 que en su momento el exmandatario Andr\u00e9s Manuel L\u00f3pez Obrador (2018-2024) realiz\u00f3 propuestas, tanto para la guerra en Ucrania como para la situaci\u00f3n de Palestina.<\/p>\n\n\n\n<p>\u201cEl secretario de Relaciones Exteriores (Juan Ram\u00f3n de la Fuente) est\u00e1 en esa actividad, buscando por todos los medios que se construya la paz en esta Franja. Esa es la pol\u00edtica exterior de M\u00e9xico y la estamos siguiendo todos los d\u00edas\u201d, reiter\u00f3.<\/p>\n\n\n\n<p>La agencia de la Organizaci\u00f3n de las Naciones Unidas encargada de ayudar a los palestinos, anunci\u00f3 este martes que apenas est\u00e1n en funcionamiento seis de sus 22 centros de salud en la Franja de Gaza como consecuencia de la agresi\u00f3n israel\u00ed.<\/p>\n\n\n\n<p>Se necesita urgentemente acceso sin obst\u00e1culos para entregar ayuda con el objetivo de salvar vidas, subray\u00f3 en la red social X el Organismo de Obras P\u00fablicas y Socorro de las Naciones Unidas para los Refugiados de Palestina en Oriente Medio (Unrwa).<\/p>\n\n\n\n<p>Tambi\u00e9n la portavoz de Unrwa, Juliette Touma, reclam\u00f3 el fin del bloqueo israel\u00ed contra el territorio, donde viven m\u00e1s de dos millones de personas.<\/p>\n\n\n\n<p><strong>LOS NI\u00d1OS MUEREN DE HAMBRE<\/strong><\/p>\n\n\n\n<p>Los ni\u00f1os est\u00e1n muriendo de hambre en el enclave costero, no hay necesidad de inventar la rueda, insisti\u00f3.<\/p>\n\n\n\n<p>Por su parte, Adnan Abu Hasna, asesor de esa instituci\u00f3n, estim\u00f3 que la cantidad de ayuda a Gaza hasta el momento no es suficiente para satisfacer las enormes necesidades all\u00ed.<\/p>\n\n\n\n<p>La pasada semana, el gobierno de Benjamin Netanyahu permiti\u00f3 el ingreso, a niveles limitados, de productos a Gaza ante la ola de cr\u00edticas internacionales por el bloqueo total impuesto desde el 2 de marzo.<\/p>\n\n\n\n<p>jha\/las<\/p>\n","protected":false},"excerpt":{"rendered":"<p>Ciudad de M\u00e9xico, (Prensa Latina) La presidenta de M\u00e9xico, Claudia Sheinbaum, conden\u00f3 la situaci\u00f3n en&hellip;<\/p>\n","protected":false},"author":2,"featured_media":73272,"comment_status":"open","ping_status":"open","sticky":false,"template":"","format":"standard","meta":{"footnotes":""},"categories":[52,53],"tags":[],"class_list":["post-73279","post","type-post","status-publish","format-standard","has-post-thumbnail","hentry","category-internacionales","category-prensa-latina"],"_links":{"self":[{"href":"https:\/\/eldiarioantillano.com\/uno\/wp-json\/wp\/v2\/posts\/73279","targetHints":{"allow":["GET"]}}],"collection":[{"href":"https:\/\/eldiarioantillano.com\/uno\/wp-json\/wp\/v2\/posts"}],"about":[{"href":"https:\/\/eldiarioantillano.com\/uno\/wp-json\/wp\/v2\/types\/post"}],"author":[{"embeddable":true,"href":"https:\/\/eldiarioantillano.com\/uno\/wp-json\/wp\/v2\/users\/2"}],"replies":[{"embeddable":true,"href":"https:\/\/eldiarioantillano.com\/uno\/wp-json\/wp\/v2\/comments?post=73279"}],"version-history":[{"count":1,"href":"https:\/\/eldiarioantillano.com\/uno\/wp-json\/wp\/v2\/posts\/73279\/revisions"}],"predecessor-version":[{"id":73280,"href":"https:\/\/eldiarioantillano.com\/uno\/wp-json\/wp\/v2\/posts\/73279\/revisions\/73280"}],"wp:featuredmedia":[{"embeddable":true,"href":"https:\/\/eldiarioantillano.com\/uno\/wp-json\/wp\/v2\/media\/73272"}],"wp:attachment":[{"href":"https:\/\/eldiarioantillano.com\/uno\/wp-json\/wp\/v2\/media?parent=73279"}],"wp:term":[{"taxonomy":"category","embeddable":true,"href":"https:\/\/eldiarioantillano.com\/uno\/wp-json\/wp\/v2\/categories?post=73279"},{"taxonomy":"post_tag","embeddable":true,"href":"https:\/\/eldiarioantillano.com\/uno\/wp-json\/wp\/v2\/tags?post=73279"}],"curies":[{"name":"wp","href":"https:\/\/api.w.org\/{rel}","templated":true}]}}