{"id":73271,"date":"2025-05-28T00:10:28","date_gmt":"2025-05-28T04:10:28","guid":{"rendered":"https:\/\/eldiarioantillano.com\/uno\/?p=73271"},"modified":"2025-05-28T00:10:29","modified_gmt":"2025-05-28T04:10:29","slug":"instituto-schiller-publica-nombres-de-85-firmantes-de-carta-abierta-al-papa-leon-xiv","status":"publish","type":"post","link":"https:\/\/eldiarioantillano.com\/uno\/2025\/05\/28\/instituto-schiller-publica-nombres-de-85-firmantes-de-carta-abierta-al-papa-leon-xiv\/","title":{"rendered":"Instituto Schiller publica nombres de 85 firmantes de carta abierta al Papa Le\u00f3n XIV"},"content":{"rendered":"\n<figure class=\"wp-block-image size-large\"><img fetchpriority=\"high\" decoding=\"async\" width=\"1024\" height=\"768\" src=\"https:\/\/eldiarioantillano.com\/uno\/wp-content\/uploads\/2025\/05\/image-9-1024x768.png\" alt=\"\" class=\"wp-image-73275\" srcset=\"https:\/\/eldiarioantillano.com\/uno\/wp-content\/uploads\/2025\/05\/image-9-1024x768.png 1024w, https:\/\/eldiarioantillano.com\/uno\/wp-content\/uploads\/2025\/05\/image-9-300x225.png 300w, https:\/\/eldiarioantillano.com\/uno\/wp-content\/uploads\/2025\/05\/image-9-768x576.png 768w, https:\/\/eldiarioantillano.com\/uno\/wp-content\/uploads\/2025\/05\/image-9-585x439.png 585w, https:\/\/eldiarioantillano.com\/uno\/wp-content\/uploads\/2025\/05\/image-9.png 1096w\" sizes=\"(max-width: 1024px) 100vw, 1024px\" \/><\/figure>\n\n\n\n<p>El Instituto Schiller public\u00f3 hoy los nombres de 85 destacados firmantes de la&nbsp;<a rel=\"noreferrer noopener\" href=\"https:\/\/es-schillerinstitute.nationbuilder.com\/20250517-carta_abierta_al_papa_leo14\" target=\"_blank\">Carta abierta al Papa Le\u00f3n XIV<\/a>, procedentes de todo el mundo, con el fin de impulsar una mayor difusi\u00f3n de la carta y la incorporaci\u00f3n de muchos m\u00e1s firmantes. Estos nombres provienen de un total de m\u00e1s de 600 firmantes actuales. El Instituto Schiller subraya la urgencia de este esfuerzo, a la luz del inimaginable n\u00famero de v\u00edctimas civiles y el sufrimiento en Gaza, a medida que se intensifica la pol\u00edtica de genocidio y limpieza \u00e9tnica del gobierno israel\u00ed, y otros conflictos, como el de Ucrania, que siguen amenazando a la humanidad con el espectro de la guerra nuclear. La carta est\u00e1 traducida al espa\u00f1ol, franc\u00e9s, alem\u00e1n, sueco, \u00e1rabe y portugu\u00e9s.<\/p>\n\n\n\n<p>La carta del Instituto Schiller se\u00f1ala: \u201cLos abajo firmantes damos la m\u00e1s sincera bienvenida a su pontificado a Su Santidad en estos tiempos tan extremadamente turbulentos, y agradecemos que sus primeras palabras hayan sido \u2018La paz sea con todos ustedes\u2019.<\/p>\n\n\n\n<p>\u201cNo solo hay conflictos regionales que asolan a muchas partes del mundo, sino que varios de ellos tienen el potencial de escalar hasta un Armaged\u00f3n nuclear que podr\u00eda acabar con la civilizaci\u00f3n y ser\u00eda, por lo tanto, el pecado supremo contra la creaci\u00f3n de Dios.<\/p>\n\n\n\n<p>\u201cUsted se ha ofrecido a facilitar las conversaciones de paz entre los pa\u00edses en guerra, siguiendo el mandato del Papa Francisco, quien hizo de la paz una exigencia urgente en su \u00faltimo mensaje&nbsp;<em>Urbi et Orbi<\/em>&nbsp;y conden\u00f3 constantemente el comercio de armas, as\u00ed como a quienes se benefician de la guerra.<\/p>\n\n\n\n<p>\u201cDeseamos comunicar a Su Santidad nuestro compromiso de hacer todo lo que est\u00e9 en nuestro poder para llegar a todos los cristianos, as\u00ed como a los creyentes de otras religiones y cosmovisiones, con el fin de unirnos en un esfuerzo por establecer un verdadero orden de paz en el mundo, que elimine las causas reales de la guerra, tomando en cuenta los intereses leg\u00edtimos de seguridad de todas las partes.<\/p>\n\n\n\n<p>Pero, dado el horrible y sat\u00e1nico genocidio que se est\u00e1 produciendo en Gaza, y el imperdonable silencio e inacci\u00f3n de los gobiernos ante \u00e9ste, tambi\u00e9n le pedimos que se pronuncie sobre este genocidio en curso. Necesitamos una autoridad moral que condene este genocidio, ya que sin ella perderemos toda br\u00fajula moral en absoluto.<\/p>\n\n\n\n<p>\u201cTambi\u00e9n apoyamos plenamente su rechazo a las \u2018nociones maniqueas\u2019 que dividen a las personas en \u2018buenas y malas\u2019, porque tales nociones niegan a las personas la oportunidad de superar el mal a trav\u00e9s del desarrollo. Pero eso requiere la movilizaci\u00f3n de nuestro libre albedr\u00edo, y no significa una absoluci\u00f3n autom\u00e1tica de aquellos que deciden ser instrumentos del mal.<\/p>\n\n\n\n<p>\u201c\u00a1Apoyamos la idea de que&nbsp;<em>\u2018\u00a1el desarrollo es el nuevo nombre de la paz!\u2019<\/em>\u201d.<\/p>\n\n\n\n<p>Las cinco firmas iniciales:<\/p>\n\n\n\n<p><strong>Helga Zepp-LaRouche&nbsp;<\/strong>(Alemania), fundadora del Instituto Schiller y coiniciadora de la Coalici\u00f3n Internacional por la Paz (IPC)<\/p>\n\n\n\n<p><strong>Ray McGovern&nbsp;<\/strong>(Estados Unidos), ex analista de la CIA, cofundador de Veteranos Profesionales de la Inteligencia por la Cordura (VIPS, por sus siglas en ingl\u00e9s)<\/p>\n\n\n\n<p><strong>Liliana Gorini&nbsp;<\/strong>(Italia), presidente del Movimento Solidariet\u00e0 (Movisol)<\/p>\n\n\n\n<p><strong>Anastasia Battle&nbsp;<\/strong>(Estados Unidos), coiniciadora de la Coalici\u00f3n Internacional por la Paz (IPC)<\/p>\n\n\n\n<p><strong>Jacques Cheminade&nbsp;<\/strong>(Francia), ex candidato a la presidencia de Francia, presidente de Solidarit\u00e9 et Progr\u00e8s.<\/p>\n\n\n\n<p><strong>Ver la lista completa de firmantes<\/strong><\/p>\n\n\n\n<p><em>La lista de un primer grupo de 85 firmantes destacados adicionales, est\u00e1 organizada alfab\u00e9ticamente por pa\u00eds y alfab\u00e9ticamente por apellido dentro de cada pa\u00eds. Se incluye la profesi\u00f3n, cargo o afiliaci\u00f3n, solo con efectos de identificaci\u00f3n.<\/em>\u00a0<\/p>\n\n\n\n<p>Ahmed Bassalat, Ph.D., profesor de F\u00edsica, asociado del CERN<\/p>\n\n\n\n<p>Daud Azimi, Afganist\u00e1n-Alemania, ingeniero; miembro de la junta directiva del Frente Nacional por la Paz de Afganist\u00e1n<\/p>\n\n\n\n<p>Enrique Juan Box, Argentina, comunicador popular<\/p>\n\n\n\n<p>Roberto Fritzsche, Argentina, profesor del Departamento de Econom\u00eda de la Universidad de Belgrano<\/p>\n\n\n\n<p>Rub\u00e9n Dar\u00edo Guzzetti, Argentina, profesor del Instituto Argentino de Estudios Geopol\u00edticos<\/p>\n\n\n\n<p>Juan Francisco Numa Soto, Argentina, asesor jur\u00eddico de la Entidad Binacional Yacyret\u00e1; ex profesor de Derecho Constitucional de la Universidad de Buenos Aires.<\/p>\n\n\n\n<p>Carlos P\u00e9rez Galindo, Argentina, abogado<\/p>\n\n\n\n<p>Joachim Bonatz, Alemania, vicepresidente del Consejo de Administraci\u00f3n de Asociaciones de Alemania Oriental (Ostdeutsches Kuratorium von Verb\u00e4nden e.V.), Berl\u00edn<\/p>\n\n\n\n<p>Magret Bonin, Alemania, Mujeres del Mundo por la Paz Unidas contra la OTAN<\/p>\n\n\n\n<p>Holger H\u00fcttel, Alemania, presidente de la secci\u00f3n local de Die Linke, Sangerhausen<\/p>\n\n\n\n<p>Sabiene Jahn, Alemania, periodista independiente, Coblenza: En di\u00e1logo<\/p>\n\n\n\n<p>Tse Anye Kevin, State55 Afrika, presidente en funciones<\/p>\n\n\n\n<p>Meinrad Schneckenleithner, Austria, Pax Christi<\/p>\n\n\n\n<p>General (ret.) Edwin Alfonso De La Fuente Jeria, Bolivia, ex comandante en jefe de las Fuerzas Armadas de Bolivia<\/p>\n\n\n\n<p>Paulo Cannabrava Filho, Brasil, periodista; director fundador de Di\u00e1logos do Sul<\/p>\n\n\n\n<p>Jairo Dias Carvalho, Brasil, profesor de Filosof\u00eda de la Tecnolog\u00eda, Universidad de Uberl\u00e2ndia<\/p>\n\n\n\n<p>Dimitri Lascaris, Canad\u00e1-Grecia, abogado, activista; galardonado con el premio Serena Shim 2025 a la integridad en el periodismo; presentador del podcast Reason to Resist<\/p>\n\n\n\n<p>H. Douglas Lightfoot, Canad\u00e1, ingeniero mec\u00e1nico (retirado); fundador del Lightfoot Institute<\/p>\n\n\n\n<p>Juan G\u00f3mez, Chile, coordinador de Mundo sin Guerra y sin Violencia<\/p>\n\n\n\n<p>Vincenzo Romanello, Ph. D., Rep\u00fablica Checa-Alemania-Italia, ingeniero nuclear; fundador de la secci\u00f3n italiana de \u201c\u00c1tomos para la Paz\u201d<\/p>\n\n\n\n<p>Tom Gillesberg, Dinamarca, presidente del Instituto Schiller de Dinamarca; ex candidato independiente al Parlamento<\/p>\n\n\n\n<p>Alcib\u00edades Abreu, Rep\u00fablica Dominicana, profesor universitario, Escuela de Matem\u00e1ticas, Universidad Iberoamericana (UNIBE) y Universidad Cat\u00f3lica de Santo Domingo<\/p>\n\n\n\n<p>Ram\u00f3n Emilio Concepci\u00f3n, Rep\u00fablica Dominicana, abogado; precandidato presidencial del PRM (2020)<\/p>\n\n\n\n<p>Marino J. Elsevyf Pineda, Rep\u00fablica Dominicana, abogado; notario<\/p>\n\n\n\n<p>Arsenio Hern\u00e1ndez Fortuna, Rep\u00fablica Dominicana, director del peri\u00f3dico El Diario Antillano<\/p>\n\n\n\n<p>Jos\u00e9 Rodr\u00edguez Portorreal, Rep\u00fablica Dominicana, presidente del Partido Solidaridad<\/p>\n\n\n\n<p>Ernesto Pazmi\u00f1o Granizo, Ecuador, Abogado defensor de derechos humanos; ex legislador; profesor universitario; ex ministro de Justicia y Derechos Humanos; ex vicepresidente del Centro de Justicia de las Am\u00e9ricas.<\/p>\n\n\n\n<p>Mohammad Salim Akhtar, Estados Unidos, director nacional, Grupo de Trabajo Musulm\u00e1n Estadounidense sobre Derechos Civiles y Elecciones<\/p>\n\n\n\n<p>Arzobispo Vicken Aykazian, Estados Unidos, vicemoderador, Comit\u00e9 Central y Ejecutivo, Consejo Mundial de Iglesias; miembro de la junta directiva y del comit\u00e9 ejecutivo, Consejo Nacional de Iglesias; di\u00f3cesis de la Iglesia Armenia de Estados Unidos<\/p>\n\n\n\n<p>Fatmeh Atieh Bakhit, Estados Unidos, editora y directora del peri\u00f3dico Al Enteshar Al Arabi<\/p>\n\n\n\n<p>Coronel (ret.) Richard H. Black, Estados Unidos, ex senador del estado de Virginia; ex jefe de la Divisi\u00f3n de Derecho Penal del Ej\u00e9rcito de los Estados Unidos, Pent\u00e1gono<\/p>\n\n\n\n<p>Nelson Borelli, Estados Unidos, profesor de psiquiatr\u00eda (retirado), escritor y docente<\/p>\n\n\n\n<p>Charles Borowsky, PH.D., Estados Unidos, m\u00fasico, educador; presidente de Intermuse Performing Artists Bureau<\/p>\n\n\n\n<p>Padre Harry Bury, Estados Unidos, Twin Cities Non-violent; Asociaci\u00f3n de Sacerdotes Cat\u00f3licos de Estados Unidos<\/p>\n\n\n\n<p>Dr. James C. Cobey, m\u00e9dico, Estados Unidos, fundador de Health Volunteers Overseas; miembro del comit\u00e9 directivo de Voices from the Holy Land; como parte de su trabajo con Physicians for Human Rights, comparti\u00f3 el Premio Nobel de la Paz de 1997 con la coalici\u00f3n Campa\u00f1a Internacional para la Prohibici\u00f3n de las Minas Terrestres<\/p>\n\n\n\n<p>Joseph J. Fahey, Estados Unidos, cofundador de Pax Christi USA; escritor, profesor y te\u00f3logo<\/p>\n\n\n\n<p>Christopher y Mary Fogarty, Estados Unidos, autores de \u201cThe Perfect Holocaust: Ireland 1845-1850\u201d; Chicago Ireland Support<\/p>\n\n\n\n<p>Graham Fuller, Estados Unidos-Canad\u00e1, ex diplom\u00e1tico estadounidense y ex funcionario de la CIA; ex vicepresidente del Consejo Nacional de Inteligencia<\/p>\n\n\n\n<p>Jack Gilroy, Estados Unidos, Veteranos por la Paz; Pax Christi de Upstate NY; Pax Christi International<\/p>\n\n\n\n<p>Joyce Hall, Estados Unidos, coordinadora, Pax Christi, secci\u00f3n de Dallas<\/p>\n\n\n\n<p>Nydia Leaf, Estados Unidos, Granny Peace Brigade<\/p>\n\n\n\n<p>Marie-Noelle Lombard, Estados Unidos, Coalici\u00f3n Nacional Unida contra la Guerra (UNAC)<\/p>\n\n\n\n<p>Martin Melkonian, Estados Unidos, profesor asociado adjunto de Econom\u00eda, Universidad de Hofstra; tesorero, Alianza por la Paz y la Justicia de Long Island (Nueva York)<\/p>\n\n\n\n<p>Teniente coronel (ret.) Earl Rasmussen, Estados Unidos, consultor internacional<\/p>\n\n\n\n<p>Coleen Rowley, Estados Unidos, agente retirada del FBI; ex asesora jur\u00eddica de la Divisi\u00f3n de Minneapolis, denunciante del 11-S; miembro de Veteranos Profesionales de la Inteligencia por la Cordura (VIPS); primera galardonada con el Premio Sam Adams a la Integridad en la Inteligencia.<\/p>\n\n\n\n<p>Diane Sare, Estados Unidos, presidenta de The LaRouche Organization<\/p>\n\n\n\n<p>John Shanahan, Estados Unidos, ingeniero civil; presidente de Go Nuclear Inc.; editor del sitio web\u00a0<a href=\"https:\/\/es-schillerinstitute.nationbuilder.com\/allaboutenergy.net\" target=\"_blank\" rel=\"noreferrer noopener\">allaboutenergy.net<\/a><\/p>\n\n\n\n<p>John Steinbach, Estados Unidos, Comit\u00e9 de Paz de Hiroshima Nagasaki, Zona de la Capital Nacional<\/p>\n\n\n\n<p>Dr. Mohammad Toor, Estados Unidos, presidente del Consejo de Administraci\u00f3n del Congreso Pakistan\u00ed-Estadounidense<\/p>\n\n\n\n<p>Padre Joseph Varghese, Estados Unidos, director ejecutivo del Instituto para la Libertad Religiosa y la Tolerancia; Escuela de Teolog\u00eda de la Iglesia Copta Ortodoxa Santa Sof\u00eda<\/p>\n\n\n\n<p>Ren\u00e9 Wadlow, Estados Unidos-Francia, presidente de la Asociaci\u00f3n de Ciudadanos del Mundo<\/p>\n\n\n\n<p>Alan Waltar, Ph.D., Estados Unidos, ex presidente de la Sociedad Nuclear Estadounidense; ex director de ingenier\u00eda nuclear de la Universidad Texas A&amp;M; consultor del OIEA y del Departamento de Energ\u00eda de Estados Unidos<\/p>\n\n\n\n<p>Jim Wohlgemuth, Estados Unidos, Veteranos por la Paz, secci\u00f3n de Nashville (Tennessee); locutor de radio<\/p>\n\n\n\n<p>Coronel (ret.) Alain Corvez, Francia, consultor en asuntos estrat\u00e9gicos internacionales; ex asesor del comandante de la Fuerza Provisional de las Naciones Unidas en el L\u00edbano (FPNUL)<\/p>\n\n\n\n<p>Jean-Fran\u00e7ois Geneste, Francia, director ejecutivo de empresa<\/p>\n\n\n\n<p>Jean-Marc Gentil, Francia, alto funcionario; administrador general honorario<\/p>\n\n\n\n<p>Ali Rastbeen, Francia, presidente de la Acad\u00e9mie de G\u00e9opolitique de Paris<\/p>\n\n\n\n<p>Mariano Nguema Esono Medja, Guinea Ecuatorial, Punto Focal en Guinea Ecuatorial del Centro Regional de las Naciones Unidas para la Paz y el Desarme en \u00c1frica<\/p>\n\n\n\n<p>Dr. Takis Ioannidis, Grecia, cofundador de la Asociaci\u00f3n Global Gandhiana para la Armon\u00eda; Dr. Litt., poeta y escritor<\/p>\n\n\n\n<p>Ra\u00fal An\u00edbal Marroqu\u00edn Casasola, Guatemala, coordinador del Observatorio Ciudadano por la Paz \u201cLa pupila del cielo\u201d; Defensor de los derechos humanos y el medio ambiente.<\/p>\n\n\n\n<p>Excmo. Sr. Donald Ramotar, Guyana, ex Presidente de Guyana<\/p>\n\n\n\n<p>Koushik Das, India, periodista<\/p>\n\n\n\n<p>Mauricio Abbate, Italia, presidente del Instituto Nacional de Actividades Culturales (ENAC)<\/p>\n\n\n\n<p>Gaetano Santoro, Italia, sindicalista<\/p>\n\n\n\n<p>Marino Savina, Italia, presidente nacional de ANDICOSI, Asociaci\u00f3n Italiana de Trabajadores de la Seguridad<\/p>\n\n\n\n<p>Alessia Ruggeri, Italia, sindicalista<\/p>\n\n\n\n<p>Tatjana \u017ddanoka, Letonia-B\u00e9lgica, ex diputada del Parlamento Europeo; doctora en Matem\u00e1ticas<\/p>\n\n\n\n<p>Bachar el Hachem, L\u00edbano, profesor de Sociolog\u00eda Pol\u00edtica; investigado<\/p>\n\n\n\n<p>Chandra Muzaffar, Malasia, fundador y director del Movimiento Internacional por un Mundo Justo (JUST)<\/p>\n\n\n\n<p>Driss Larafi, Marruecos, profesor de Ciencias Pol\u00edticas y Relaciones Internacionales, Universidad Ibn Tofail<\/p>\n\n\n\n<p>Adewale Aiyedun, Ph. D., Nigeria, investigador forense, consultor de auditor\u00eda y seguridad<\/p>\n\n\n\n<p>David Ajetunmobi, Nigeria, l\u00edder sindical, sector automovil\u00edstico<\/p>\n\n\n\n<p>Shamsudeen Hassan, Nigeria, fundador de la Yhunich Mentors Academy, defensores del desarrollo juvenil<\/p>\n\n\n\n<p>Adeshola Kukoyi, Nigeria, fundador de Equilibrium Persepctives, Universidad de Lagos<\/p>\n\n\n\n<p>Kees le Pair, Ph. D., Pa\u00edses Bajos, f\u00edsico, Universidad de Leiden; ex profesor adjunto, Universidad Americana de Beirut; asesor cient\u00edfico, Investigaci\u00f3n Militar Neerlandesa<\/p>\n\n\n\n<p>Arzobispo Theodosios Atallah Hanna, Palestina, Patriarcado Griego Ortodoxo de Jerusal\u00e9n<\/p>\n\n\n\n<p>Yorel Kira Alcarraz Aguero, Per\u00fa, congresista, Congreso de la Rep\u00fablica del Per\u00fa<\/p>\n\n\n\n<p>Luis Mora, Per\u00fa, presidente en Per\u00fa de \u201cMundo sin guerra y sin violencia\u201d<\/p>\n\n\n\n<p>Fabiola Morales, Per\u00fa, presidente de la Comisi\u00f3n de Cooperaci\u00f3n y Relaciones Internacionales de la Municipalidad de Lima. Primera Regidora de Lima.<\/p>\n\n\n\n<p>Roberto Vela Pinedo, Per\u00fa, ex Decano Nacional del Colegio de Economistas del Per\u00fa<\/p>\n\n\n\n<p>Bernie Holland, Reino Unido, m\u00fasico; activista contra la guerra<\/p>\n\n\n\n<p>Georgy Toloraya, Rusia, Director Ejecutivo del Comit\u00e9 Nacional Ruso para la Investigaci\u00f3n sobre los BRICS; simult\u00e1neamente Director del Centro de Estrategia Asi\u00e1tica del Instituto de Econom\u00eda e Investigador Principal del Instituto de China y Asia Contempor\u00e1nea de la Academia de Ciencias de Rusia<\/p>\n\n\n\n<p>Earl M. Bousquet, Santa Luc\u00eda, veterano periodista caribe\u00f1o<\/p>\n\n\n\n<p>Hussein Askary, Suecia, coordinador para el sudoeste asi\u00e1tico del Instituto Schiller<\/p>\n\n\n\n<p>Ulf Sandmark, Suecia, presidente del Instituto Schiller de Suecia<\/p>\n\n\n\n<p>Erich Fankhauser, Suiza-Alemania, Paz a trav\u00e9s de la Cultura e.V. (Frieden durch Kultur e.V.)<\/p>\n\n\n\n<p>Prof. Dr. iur. et phil. Alfred de Zayas, ex experto independiente de las Naciones Unidas sobre el orden internacional, Ginebra, Suiza<\/p>\n\n\n\n<p>Luisa Beatriz B\u00e1ez Catar\u00ed, Venezuela, secretaria de Organizaci\u00f3n de la Uni\u00f3n Diocesana de Cofrad\u00edas del Sant\u00edsimo Sacramento del Altar, Guarenas<\/p>\n\n\n\n<p>Munashe Chiwanza, Zimbabue, ingeniero civil<\/p>\n","protected":false},"excerpt":{"rendered":"<p>El Instituto Schiller public\u00f3 hoy los nombres de 85 destacados firmantes de la&nbsp;Carta abierta al&hellip;<\/p>\n","protected":false},"author":2,"featured_media":73275,"comment_status":"open","ping_status":"open","sticky":false,"template":"","format":"standard","meta":{"footnotes":""},"categories":[78,52],"tags":[],"class_list":["post-73271","post","type-post","status-publish","format-standard","has-post-thumbnail","hentry","category-eirns","category-internacionales"],"_links":{"self":[{"href":"https:\/\/eldiarioantillano.com\/uno\/wp-json\/wp\/v2\/posts\/73271","targetHints":{"allow":["GET"]}}],"collection":[{"href":"https:\/\/eldiarioantillano.com\/uno\/wp-json\/wp\/v2\/posts"}],"about":[{"href":"https:\/\/eldiarioantillano.com\/uno\/wp-json\/wp\/v2\/types\/post"}],"author":[{"embeddable":true,"href":"https:\/\/eldiarioantillano.com\/uno\/wp-json\/wp\/v2\/users\/2"}],"replies":[{"embeddable":true,"href":"https:\/\/eldiarioantillano.com\/uno\/wp-json\/wp\/v2\/comments?post=73271"}],"version-history":[{"count":1,"href":"https:\/\/eldiarioantillano.com\/uno\/wp-json\/wp\/v2\/posts\/73271\/revisions"}],"predecessor-version":[{"id":73276,"href":"https:\/\/eldiarioantillano.com\/uno\/wp-json\/wp\/v2\/posts\/73271\/revisions\/73276"}],"wp:featuredmedia":[{"embeddable":true,"href":"https:\/\/eldiarioantillano.com\/uno\/wp-json\/wp\/v2\/media\/73275"}],"wp:attachment":[{"href":"https:\/\/eldiarioantillano.com\/uno\/wp-json\/wp\/v2\/media?parent=73271"}],"wp:term":[{"taxonomy":"category","embeddable":true,"href":"https:\/\/eldiarioantillano.com\/uno\/wp-json\/wp\/v2\/categories?post=73271"},{"taxonomy":"post_tag","embeddable":true,"href":"https:\/\/eldiarioantillano.com\/uno\/wp-json\/wp\/v2\/tags?post=73271"}],"curies":[{"name":"wp","href":"https:\/\/api.w.org\/{rel}","templated":true}]}}