{"id":73222,"date":"2025-05-23T00:00:00","date_gmt":"2025-05-23T04:00:00","guid":{"rendered":"https:\/\/eldiarioantillano.com\/uno\/?p=73222"},"modified":"2025-05-24T00:25:22","modified_gmt":"2025-05-24T04:25:22","slug":"senador-y-la-gobernadora-de-peravia-entregan-fondos-a-hogar-de-ninas","status":"publish","type":"post","link":"https:\/\/eldiarioantillano.com\/uno\/2025\/05\/23\/senador-y-la-gobernadora-de-peravia-entregan-fondos-a-hogar-de-ninas\/","title":{"rendered":"Senador y la gobernadora de Peravia entregan fondos a hogar de ni\u00f1as"},"content":{"rendered":"\n<p>El senador Julito Fulcar y la gobernadora de la provincia Peravia, \u00c1ngela B\u00e1ez, entregaron los fondos correspondientes al primer trimestre de este a\u00f1o a la directora del Hogar de Ni\u00f1as Hijas de la Altagracia, sor Rosa Tapia. Los recursos fueron gestionados a trav\u00e9s del CONANI.\u00a0<\/p>\n","protected":false},"excerpt":{"rendered":"<p>El senador Julito Fulcar y la gobernadora de la provincia Peravia, \u00c1ngela B\u00e1ez, entregaron los&hellip;<\/p>\n","protected":false},"author":2,"featured_media":73223,"comment_status":"open","ping_status":"open","sticky":false,"template":"","format":"standard","meta":{"footnotes":""},"categories":[55],"tags":[],"class_list":["post-73222","post","type-post","status-publish","format-standard","has-post-thumbnail","hentry","category-nacionales"],"_links":{"self":[{"href":"https:\/\/eldiarioantillano.com\/uno\/wp-json\/wp\/v2\/posts\/73222","targetHints":{"allow":["GET"]}}],"collection":[{"href":"https:\/\/eldiarioantillano.com\/uno\/wp-json\/wp\/v2\/posts"}],"about":[{"href":"https:\/\/eldiarioantillano.com\/uno\/wp-json\/wp\/v2\/types\/post"}],"author":[{"embeddable":true,"href":"https:\/\/eldiarioantillano.com\/uno\/wp-json\/wp\/v2\/users\/2"}],"replies":[{"embeddable":true,"href":"https:\/\/eldiarioantillano.com\/uno\/wp-json\/wp\/v2\/comments?post=73222"}],"version-history":[{"count":2,"href":"https:\/\/eldiarioantillano.com\/uno\/wp-json\/wp\/v2\/posts\/73222\/revisions"}],"predecessor-version":[{"id":73240,"href":"https:\/\/eldiarioantillano.com\/uno\/wp-json\/wp\/v2\/posts\/73222\/revisions\/73240"}],"wp:featuredmedia":[{"embeddable":true,"href":"https:\/\/eldiarioantillano.com\/uno\/wp-json\/wp\/v2\/media\/73223"}],"wp:attachment":[{"href":"https:\/\/eldiarioantillano.com\/uno\/wp-json\/wp\/v2\/media?parent=73222"}],"wp:term":[{"taxonomy":"category","embeddable":true,"href":"https:\/\/eldiarioantillano.com\/uno\/wp-json\/wp\/v2\/categories?post=73222"},{"taxonomy":"post_tag","embeddable":true,"href":"https:\/\/eldiarioantillano.com\/uno\/wp-json\/wp\/v2\/tags?post=73222"}],"curies":[{"name":"wp","href":"https:\/\/api.w.org\/{rel}","templated":true}]}}