{"id":73217,"date":"2025-05-22T00:07:49","date_gmt":"2025-05-22T04:07:49","guid":{"rendered":"https:\/\/eldiarioantillano.com\/uno\/?p=73217"},"modified":"2025-05-22T00:07:50","modified_gmt":"2025-05-22T04:07:50","slug":"gobernadora-boricua-rechaza-que-su-administracion-este-paralizada","status":"publish","type":"post","link":"https:\/\/eldiarioantillano.com\/uno\/2025\/05\/22\/gobernadora-boricua-rechaza-que-su-administracion-este-paralizada\/","title":{"rendered":"Gobernadora boricua rechaza que su administraci\u00f3n est\u00e9 paralizada"},"content":{"rendered":"\n<p>San Juan, (Prensa Latina) Transcurridos cinco meses al frente del ejecutivo, la gobernadora de Puerto Rico, Jenniffer Gonz\u00e1lez, rechaz\u00f3 hoy que su administraci\u00f3n est\u00e9 paralizada a pesar de que todav\u00eda no ha logrado completar su gabinete constitucional.<\/p>\n\n\n\n<p>Tal es la situaci\u00f3n prevaleciente, que ni siquiera mantiene en ese sentido la l\u00ednea de sucesi\u00f3n en caso de ausencia temporal o total, pues fracas\u00f3 en los nombramientos de Ver\u00f3nica Ferraiuoli Hornedo como secretaria de Estado y de Janet Parra a la Secretar\u00eda de Justicia.<\/p>\n\n\n\n<p>Tales designaciones fueron retiradas ante la advertencia del presidente del Senado, Thomas Rivera Schatz, de que no contaban con los votos para el consentimiento de ese cuerpo legislativo.<\/p>\n\n\n\n<p>\u201cQue el Senado haya rechazado mis nombramientos no significa que el resto del gobierno tiene que paralizarse por eso; hay muchos elementos de pol\u00edtica p\u00fablica en los que estamos en la misma p\u00e1gina\u201d, dijo la mandataria a los periodistas.<\/p>\n\n\n\n<p>La gobernadora Gonz\u00e1lez tampoco se propon\u00eda dar su mensaje de la situaci\u00f3n del pa\u00eds ante una sesi\u00f3n especial de la Asamblea Legislativa, tal como lo establece la Constituci\u00f3n de Puerto Rico, y en cambio anunci\u00f3 que someter\u00eda su informe por escrito, aunque acaba de anunciar que cumplir\u00e1 con esa disposici\u00f3n antes de que concluya este mes de mayo.<\/p>\n\n\n\n<p>\u201cEstoy enfocada en trabajar y ejecutar lo que le prometimos al pueblo de Puerto Rico; y eso es parte inherente de la funci\u00f3n que tienen tanto la C\u00e1mara como el Senado al evaluar nombramientos\u201d, dijo en rueda de prensa, ya que hasta ahora se ha visto forzada a retirar a m\u00e1s de media docena de nombramientos ante las dificultades que enfrenta con el Senado.<\/p>\n\n\n\n<p>Asegur\u00f3 que, contrario a lo que se dice, mantiene comunicaci\u00f3n con el liderazgo del Senado de Puerto Rico, al igual que con el de la C\u00e1mara de Representantes, Carlos Johnny M\u00e9ndez, considerado un incondicional suyo.<\/p>\n\n\n\n<p>Insisti\u00f3 ante planteamientos de los periodistas que cit\u00f3 \u201ca otra reuni\u00f3n la semana pr\u00f3xima con parte del liderazgo legislativo de C\u00e1mara y Senado\u201d. \u201cSeguiremos trabajando, aqu\u00ed no se ha detenido nada\u201d, se\u00f1al\u00f3.<\/p>\n\n\n\n<p>Respecto al retiro de la secretaria del Departamento del Trabajo y Recursos Humanos, Nydza Irizarry Algar\u00edn, y del comisionado de Seguros de Puerto Rico, Alfredo Ocasio P\u00e9rez, la gobernadora advirti\u00f3 que al igual que Estado y Justicia, \u201cestas agencias tienen secretarios interinos en funciones, as\u00ed que no est\u00e1n descabezadas\u201d.<\/p>\n\n\n\n<p>\u201cTienen jefes de agencia funcionando, todas y cada una haciendo nombramientos, tr\u00e1mites, acudiendo al Legislativo y buscando documentos. \u201cAlgunos de ellos los estoy considerando para permanecer en los cargos, as\u00ed que decir que hay una agencia sin un director es incorrecto, falso y crea expectativas en contra\u201d, manifest\u00f3 Gonz\u00e1lez.<\/p>\n\n\n\n<p>Remarc\u00f3 que no es la primera vez que ocurre una situaci\u00f3n como la actual.<\/p>\n\n\n\n<p>rc\/nrm<\/p>\n","protected":false},"excerpt":{"rendered":"<p>San Juan, (Prensa Latina) Transcurridos cinco meses al frente del ejecutivo, la gobernadora de Puerto&hellip;<\/p>\n","protected":false},"author":2,"featured_media":73209,"comment_status":"open","ping_status":"open","sticky":false,"template":"","format":"standard","meta":{"footnotes":""},"categories":[52,53],"tags":[],"class_list":["post-73217","post","type-post","status-publish","format-standard","has-post-thumbnail","hentry","category-internacionales","category-prensa-latina"],"_links":{"self":[{"href":"https:\/\/eldiarioantillano.com\/uno\/wp-json\/wp\/v2\/posts\/73217","targetHints":{"allow":["GET"]}}],"collection":[{"href":"https:\/\/eldiarioantillano.com\/uno\/wp-json\/wp\/v2\/posts"}],"about":[{"href":"https:\/\/eldiarioantillano.com\/uno\/wp-json\/wp\/v2\/types\/post"}],"author":[{"embeddable":true,"href":"https:\/\/eldiarioantillano.com\/uno\/wp-json\/wp\/v2\/users\/2"}],"replies":[{"embeddable":true,"href":"https:\/\/eldiarioantillano.com\/uno\/wp-json\/wp\/v2\/comments?post=73217"}],"version-history":[{"count":1,"href":"https:\/\/eldiarioantillano.com\/uno\/wp-json\/wp\/v2\/posts\/73217\/revisions"}],"predecessor-version":[{"id":73218,"href":"https:\/\/eldiarioantillano.com\/uno\/wp-json\/wp\/v2\/posts\/73217\/revisions\/73218"}],"wp:featuredmedia":[{"embeddable":true,"href":"https:\/\/eldiarioantillano.com\/uno\/wp-json\/wp\/v2\/media\/73209"}],"wp:attachment":[{"href":"https:\/\/eldiarioantillano.com\/uno\/wp-json\/wp\/v2\/media?parent=73217"}],"wp:term":[{"taxonomy":"category","embeddable":true,"href":"https:\/\/eldiarioantillano.com\/uno\/wp-json\/wp\/v2\/categories?post=73217"},{"taxonomy":"post_tag","embeddable":true,"href":"https:\/\/eldiarioantillano.com\/uno\/wp-json\/wp\/v2\/tags?post=73217"}],"curies":[{"name":"wp","href":"https:\/\/api.w.org\/{rel}","templated":true}]}}