{"id":73207,"date":"2025-05-21T23:49:41","date_gmt":"2025-05-22T03:49:41","guid":{"rendered":"https:\/\/eldiarioantillano.com\/uno\/?p=73207"},"modified":"2025-05-21T23:49:41","modified_gmt":"2025-05-22T03:49:41","slug":"policia-reprime-marcha-de-jubilados-en-argentina-hubo-80-heridos","status":"publish","type":"post","link":"https:\/\/eldiarioantillano.com\/uno\/2025\/05\/21\/policia-reprime-marcha-de-jubilados-en-argentina-hubo-80-heridos\/","title":{"rendered":"Polic\u00eda reprime marcha de jubilados en Argentina; hubo 80 heridos"},"content":{"rendered":"\n<p>Buenos Aires, 21 may (Prensa Latina) Cuerpos de la polic\u00eda federal y de la capital reprimieron hoy con fuerza desmedida la Marcha de la Dignidad que cada mi\u00e9rcoles realizan cientos de jubilados alrededor del Congreso de la Naci\u00f3n en reclamo de mejores pensiones.<\/p>\n\n\n\n<p>Canales de televisi\u00f3n que transmitieron en vivo el enfrentamiento de los bien equipados agentes antimotines contra los manifestantes de la tercera edad y partidarios de su causa, reportaron que hubo m\u00e1s de 80 heridos, entre estos dos fot\u00f3grafos, un reportero del servicio informativo C5N y un camar\u00f3grafo de LN+ quien continu\u00f3 grabando desde el piso.<\/p>\n\n\n\n<p>Otra vez acontecieron incidentes violentos con el accionar de la Gendarmer\u00eda y la Polic\u00eda Federal contra adultos mayores y trabajadores de prensa, luego que la C\u00e1mara de Diputados no pudo por falta de qu\u00f3rum avanzar un proyecto para aumentar las jubilaciones y actualizar un bono adicional.<\/p>\n\n\n\n<p>Los agentes gasearon y golpearon a los adultos mayores y a otros manifestantes que los acompa\u00f1aban. Los jefes del operativo dijeron \u2013seg\u00fan informaron los medios- que cumpl\u00edan el protocolo de la ministra de Seguridad, Patricia Bullrich, para \u201cdespejar la calle\u201d.<\/p>\n\n\n\n<p>Uno de los jubilados denunci\u00f3 que \u201cel objetivo real es meterle miedo a la poblaci\u00f3n\u201d. Una mujer que se encontraba en la Plaza del Congreso frente a la sede legislativa, describi\u00f3 al canal Cr\u00f3nica que \u201cempezaron a pegar y me dieron contra la reja\u00bb.<\/p>\n\n\n\n<p>Otro jubilado afirm\u00f3 que no van a abandonar la calle porque lo que perciben como pensi\u00f3n \u00abno es vivir, es subsistencia\u00bb. \u00abHay compa\u00f1eros que le tienen miedo a la represi\u00f3n, pero esta es una etapa m\u00e1s, no van a lograr sacarnos\u00bb, asegur\u00f3.<\/p>\n\n\n\n<p>Los efectivos se esforzaron por impedir la tradicional \u201csemaf\u00f3ricas\u201d -cruce con carteles y sem\u00e1foros en mano- para reclamar un incremento de haberes, la extensi\u00f3n de la moratoria jubilatoria y la actualizaci\u00f3n del bono, que permanece congelado en 70 mil pesos (61.40 d\u00f3lares).<\/p>\n\n\n\n<p>La sesi\u00f3n especial que la bancada opositora promovi\u00f3 y quiso llevar a cabo se cay\u00f3 cuando legisladores aliados del presidente Javier Milei pertenecientes al PRO y la Uni\u00f3n C\u00edvica Radical boicotearon la audiencia al no presentarse al plenario.<\/p>\n\n\n\n<p>rc\/mh<\/p>\n","protected":false},"excerpt":{"rendered":"<p>Buenos Aires, 21 may (Prensa Latina) Cuerpos de la polic\u00eda federal y de la capital&hellip;<\/p>\n","protected":false},"author":2,"featured_media":73208,"comment_status":"open","ping_status":"open","sticky":false,"template":"","format":"standard","meta":{"footnotes":""},"categories":[52,53],"tags":[],"class_list":["post-73207","post","type-post","status-publish","format-standard","has-post-thumbnail","hentry","category-internacionales","category-prensa-latina"],"_links":{"self":[{"href":"https:\/\/eldiarioantillano.com\/uno\/wp-json\/wp\/v2\/posts\/73207","targetHints":{"allow":["GET"]}}],"collection":[{"href":"https:\/\/eldiarioantillano.com\/uno\/wp-json\/wp\/v2\/posts"}],"about":[{"href":"https:\/\/eldiarioantillano.com\/uno\/wp-json\/wp\/v2\/types\/post"}],"author":[{"embeddable":true,"href":"https:\/\/eldiarioantillano.com\/uno\/wp-json\/wp\/v2\/users\/2"}],"replies":[{"embeddable":true,"href":"https:\/\/eldiarioantillano.com\/uno\/wp-json\/wp\/v2\/comments?post=73207"}],"version-history":[{"count":1,"href":"https:\/\/eldiarioantillano.com\/uno\/wp-json\/wp\/v2\/posts\/73207\/revisions"}],"predecessor-version":[{"id":73212,"href":"https:\/\/eldiarioantillano.com\/uno\/wp-json\/wp\/v2\/posts\/73207\/revisions\/73212"}],"wp:featuredmedia":[{"embeddable":true,"href":"https:\/\/eldiarioantillano.com\/uno\/wp-json\/wp\/v2\/media\/73208"}],"wp:attachment":[{"href":"https:\/\/eldiarioantillano.com\/uno\/wp-json\/wp\/v2\/media?parent=73207"}],"wp:term":[{"taxonomy":"category","embeddable":true,"href":"https:\/\/eldiarioantillano.com\/uno\/wp-json\/wp\/v2\/categories?post=73207"},{"taxonomy":"post_tag","embeddable":true,"href":"https:\/\/eldiarioantillano.com\/uno\/wp-json\/wp\/v2\/tags?post=73207"}],"curies":[{"name":"wp","href":"https:\/\/api.w.org\/{rel}","templated":true}]}}