{"id":73194,"date":"2025-05-21T01:04:49","date_gmt":"2025-05-21T05:04:49","guid":{"rendered":"https:\/\/eldiarioantillano.com\/uno\/?p=73194"},"modified":"2025-05-21T01:04:50","modified_gmt":"2025-05-21T05:04:50","slug":"felix-doleo-se-presentara-en-chao-teatro-de-agora-mall-este-viernes-23","status":"publish","type":"post","link":"https:\/\/eldiarioantillano.com\/uno\/2025\/05\/21\/felix-doleo-se-presentara-en-chao-teatro-de-agora-mall-este-viernes-23\/","title":{"rendered":"F\u00e9lix D&#8217;Oleo se presentar\u00e1 en Chao Teatro de Agora Mall este viernes 23"},"content":{"rendered":"\n<p class=\"wp-block-paragraph\">El reconocido artista sure\u00f1o har\u00e1 una presentaci\u00f3n especial para las madres en el cuarto nivel del centro comercial.\u00a0<\/p>\n","protected":false},"excerpt":{"rendered":"<p>El reconocido artista sure\u00f1o har\u00e1 una presentaci\u00f3n especial para las madres en el cuarto nivel&hellip;<\/p>\n","protected":false},"author":2,"featured_media":73185,"comment_status":"open","ping_status":"open","sticky":false,"template":"","format":"standard","meta":{"footnotes":""},"categories":[63],"tags":[],"class_list":["post-73194","post","type-post","status-publish","format-standard","has-post-thumbnail","hentry","category-cultura"],"_links":{"self":[{"href":"https:\/\/eldiarioantillano.com\/uno\/wp-json\/wp\/v2\/posts\/73194","targetHints":{"allow":["GET"]}}],"collection":[{"href":"https:\/\/eldiarioantillano.com\/uno\/wp-json\/wp\/v2\/posts"}],"about":[{"href":"https:\/\/eldiarioantillano.com\/uno\/wp-json\/wp\/v2\/types\/post"}],"author":[{"embeddable":true,"href":"https:\/\/eldiarioantillano.com\/uno\/wp-json\/wp\/v2\/users\/2"}],"replies":[{"embeddable":true,"href":"https:\/\/eldiarioantillano.com\/uno\/wp-json\/wp\/v2\/comments?post=73194"}],"version-history":[{"count":1,"href":"https:\/\/eldiarioantillano.com\/uno\/wp-json\/wp\/v2\/posts\/73194\/revisions"}],"predecessor-version":[{"id":73195,"href":"https:\/\/eldiarioantillano.com\/uno\/wp-json\/wp\/v2\/posts\/73194\/revisions\/73195"}],"wp:featuredmedia":[{"embeddable":true,"href":"https:\/\/eldiarioantillano.com\/uno\/wp-json\/wp\/v2\/media\/73185"}],"wp:attachment":[{"href":"https:\/\/eldiarioantillano.com\/uno\/wp-json\/wp\/v2\/media?parent=73194"}],"wp:term":[{"taxonomy":"category","embeddable":true,"href":"https:\/\/eldiarioantillano.com\/uno\/wp-json\/wp\/v2\/categories?post=73194"},{"taxonomy":"post_tag","embeddable":true,"href":"https:\/\/eldiarioantillano.com\/uno\/wp-json\/wp\/v2\/tags?post=73194"}],"curies":[{"name":"wp","href":"https:\/\/api.w.org\/{rel}","templated":true}]}}