{"id":73192,"date":"2025-05-21T01:03:11","date_gmt":"2025-05-21T05:03:11","guid":{"rendered":"https:\/\/eldiarioantillano.com\/uno\/?p=73192"},"modified":"2025-05-21T01:32:06","modified_gmt":"2025-05-21T05:32:06","slug":"rinden-homenaje-a-coronel-fernandez-dominguez-a-60-anos-de-caida-en-combate","status":"publish","type":"post","link":"https:\/\/eldiarioantillano.com\/uno\/2025\/05\/21\/rinden-homenaje-a-coronel-fernandez-dominguez-a-60-anos-de-caida-en-combate\/","title":{"rendered":"Rinden homenaje a coronel Fern\u00e1ndez Dom\u00ednguez a 60 a\u00f1os de ca\u00edda en combate"},"content":{"rendered":"\n<p class=\"wp-block-paragraph\">En el intento de retomar el Palacio Nacional el 19 de mayo de 1965, adem\u00e1s del ide\u00f3logo de la Insurreci\u00f3n de Abril, tambi\u00e9n cayeron en combate, frente a los interventores estadounidenses, Euclides Morillo, el italiano Ilio Capocci, Juan Miguel Rom\u00e1n, el franc\u00e9s Andr\u00e9 Riviere y otros destacados constitucionalistas.\u00a0\u00a0<\/p>\n\n\n\n<figure class=\"wp-block-image size-large\"><img fetchpriority=\"high\" decoding=\"async\" width=\"1024\" height=\"576\" src=\"https:\/\/eldiarioantillano.com\/uno\/wp-content\/uploads\/2025\/05\/IMG-20250520-WA0030-1024x576.jpg\" alt=\"\" class=\"wp-image-73186\" style=\"aspect-ratio:16\/9;object-fit:cover\" srcset=\"https:\/\/eldiarioantillano.com\/uno\/wp-content\/uploads\/2025\/05\/IMG-20250520-WA0030-1024x576.jpg 1024w, https:\/\/eldiarioantillano.com\/uno\/wp-content\/uploads\/2025\/05\/IMG-20250520-WA0030-300x169.jpg 300w, https:\/\/eldiarioantillano.com\/uno\/wp-content\/uploads\/2025\/05\/IMG-20250520-WA0030-768x432.jpg 768w, https:\/\/eldiarioantillano.com\/uno\/wp-content\/uploads\/2025\/05\/IMG-20250520-WA0030-1536x864.jpg 1536w, https:\/\/eldiarioantillano.com\/uno\/wp-content\/uploads\/2025\/05\/IMG-20250520-WA0030-1200x675.jpg 1200w, https:\/\/eldiarioantillano.com\/uno\/wp-content\/uploads\/2025\/05\/IMG-20250520-WA0030-1170x658.jpg 1170w, https:\/\/eldiarioantillano.com\/uno\/wp-content\/uploads\/2025\/05\/IMG-20250520-WA0030-585x329.jpg 585w, https:\/\/eldiarioantillano.com\/uno\/wp-content\/uploads\/2025\/05\/IMG-20250520-WA0030.jpg 1600w\" sizes=\"(max-width: 1024px) 100vw, 1024px\" \/><figcaption class=\"wp-element-caption\">Narciso Isa Conde, Cocuyo B\u00e1ez y otros combatientes constitucionalistas tambi\u00e9n estuvieron en el homenaje a los m\u00e1rtires. \n<\/figcaption><\/figure>\n","protected":false},"excerpt":{"rendered":"<p>En el intento de retomar el Palacio Nacional el 19 de mayo de 1965, adem\u00e1s&hellip;<\/p>\n","protected":false},"author":2,"featured_media":73187,"comment_status":"open","ping_status":"open","sticky":false,"template":"","format":"standard","meta":{"footnotes":""},"categories":[55],"tags":[],"class_list":["post-73192","post","type-post","status-publish","format-standard","has-post-thumbnail","hentry","category-nacionales"],"_links":{"self":[{"href":"https:\/\/eldiarioantillano.com\/uno\/wp-json\/wp\/v2\/posts\/73192","targetHints":{"allow":["GET"]}}],"collection":[{"href":"https:\/\/eldiarioantillano.com\/uno\/wp-json\/wp\/v2\/posts"}],"about":[{"href":"https:\/\/eldiarioantillano.com\/uno\/wp-json\/wp\/v2\/types\/post"}],"author":[{"embeddable":true,"href":"https:\/\/eldiarioantillano.com\/uno\/wp-json\/wp\/v2\/users\/2"}],"replies":[{"embeddable":true,"href":"https:\/\/eldiarioantillano.com\/uno\/wp-json\/wp\/v2\/comments?post=73192"}],"version-history":[{"count":1,"href":"https:\/\/eldiarioantillano.com\/uno\/wp-json\/wp\/v2\/posts\/73192\/revisions"}],"predecessor-version":[{"id":73193,"href":"https:\/\/eldiarioantillano.com\/uno\/wp-json\/wp\/v2\/posts\/73192\/revisions\/73193"}],"wp:featuredmedia":[{"embeddable":true,"href":"https:\/\/eldiarioantillano.com\/uno\/wp-json\/wp\/v2\/media\/73187"}],"wp:attachment":[{"href":"https:\/\/eldiarioantillano.com\/uno\/wp-json\/wp\/v2\/media?parent=73192"}],"wp:term":[{"taxonomy":"category","embeddable":true,"href":"https:\/\/eldiarioantillano.com\/uno\/wp-json\/wp\/v2\/categories?post=73192"},{"taxonomy":"post_tag","embeddable":true,"href":"https:\/\/eldiarioantillano.com\/uno\/wp-json\/wp\/v2\/tags?post=73192"}],"curies":[{"name":"wp","href":"https:\/\/api.w.org\/{rel}","templated":true}]}}