{"id":73173,"date":"2025-05-21T00:09:00","date_gmt":"2025-05-21T04:09:00","guid":{"rendered":"https:\/\/eldiarioantillano.com\/uno\/?p=73173"},"modified":"2025-05-19T23:19:59","modified_gmt":"2025-05-20T03:19:59","slug":"la-union-clasista-de-trabajadores-abrira-un-local-en-puerto-plata","status":"publish","type":"post","link":"https:\/\/eldiarioantillano.com\/uno\/2025\/05\/21\/la-union-clasista-de-trabajadores-abrira-un-local-en-puerto-plata\/","title":{"rendered":"La Uni\u00f3n Clasista de Trabajadores abrir\u00e1 un local en Puerto Plata"},"content":{"rendered":"\n<p class=\"wp-block-paragraph\">El acto inaugural ser\u00e1 el viernes 23 de mayo desde las cuatro de la tarde, en la calle Villanueva 33 esq. Salom\u00e9 Ure\u00f1a.\u00a0<br><br><br><\/p>\n\n\n\n<p class=\"wp-block-paragraph\"><\/p>\n","protected":false},"excerpt":{"rendered":"<p>El acto inaugural ser\u00e1 el viernes 23 de mayo desde las cuatro de la tarde,&hellip;<\/p>\n","protected":false},"author":2,"featured_media":73174,"comment_status":"open","ping_status":"open","sticky":false,"template":"","format":"standard","meta":{"footnotes":""},"categories":[55],"tags":[],"class_list":["post-73173","post","type-post","status-publish","format-standard","has-post-thumbnail","hentry","category-nacionales"],"_links":{"self":[{"href":"https:\/\/eldiarioantillano.com\/uno\/wp-json\/wp\/v2\/posts\/73173","targetHints":{"allow":["GET"]}}],"collection":[{"href":"https:\/\/eldiarioantillano.com\/uno\/wp-json\/wp\/v2\/posts"}],"about":[{"href":"https:\/\/eldiarioantillano.com\/uno\/wp-json\/wp\/v2\/types\/post"}],"author":[{"embeddable":true,"href":"https:\/\/eldiarioantillano.com\/uno\/wp-json\/wp\/v2\/users\/2"}],"replies":[{"embeddable":true,"href":"https:\/\/eldiarioantillano.com\/uno\/wp-json\/wp\/v2\/comments?post=73173"}],"version-history":[{"count":2,"href":"https:\/\/eldiarioantillano.com\/uno\/wp-json\/wp\/v2\/posts\/73173\/revisions"}],"predecessor-version":[{"id":73181,"href":"https:\/\/eldiarioantillano.com\/uno\/wp-json\/wp\/v2\/posts\/73173\/revisions\/73181"}],"wp:featuredmedia":[{"embeddable":true,"href":"https:\/\/eldiarioantillano.com\/uno\/wp-json\/wp\/v2\/media\/73174"}],"wp:attachment":[{"href":"https:\/\/eldiarioantillano.com\/uno\/wp-json\/wp\/v2\/media?parent=73173"}],"wp:term":[{"taxonomy":"category","embeddable":true,"href":"https:\/\/eldiarioantillano.com\/uno\/wp-json\/wp\/v2\/categories?post=73173"},{"taxonomy":"post_tag","embeddable":true,"href":"https:\/\/eldiarioantillano.com\/uno\/wp-json\/wp\/v2\/tags?post=73173"}],"curies":[{"name":"wp","href":"https:\/\/api.w.org\/{rel}","templated":true}]}}