{"id":73018,"date":"2025-05-12T00:25:23","date_gmt":"2025-05-12T04:25:23","guid":{"rendered":"https:\/\/eldiarioantillano.com\/uno\/?p=73018"},"modified":"2025-05-12T00:26:36","modified_gmt":"2025-05-12T04:26:36","slug":"cultivando-odio","status":"publish","type":"post","link":"https:\/\/eldiarioantillano.com\/uno\/2025\/05\/12\/cultivando-odio\/","title":{"rendered":"Cultivando odio"},"content":{"rendered":"\n<p>El gobierno del PRM contin\u00faa acerc\u00e1ndose a la ret\u00f3rica y la pr\u00e1ctica de los gobiernos autoritarios alrededor del mundo, cultivando odio y cerrando las puertas a las soluciones reales.<\/p>\n\n\n\n<p>Por ESTHER HERN\u00c1NDEZ MEDINA<\/p>\n\n\n\n<p class=\"has-text-align-right\"><em>Para negar derechos o quitarlos hay que ser cruel (la esclavitud ilustra). <\/em><br><em>Hay que estereotipar, descalificar y enfrentar. Hay que definir a los subyugados <\/em><br><em>como subhumanos o humanos perversos: criminales, amorales, irresponsables. <\/em><br>Rosario Espinal<\/p>\n\n\n<div class=\"wp-block-image is-style-rounded\">\n<figure class=\"alignright size-thumbnail\"><img decoding=\"async\" width=\"150\" height=\"150\" src=\"https:\/\/eldiarioantillano.com\/uno\/wp-content\/uploads\/2024\/04\/Esther-150x150.jpg\" alt=\"\" class=\"wp-image-66217\" srcset=\"https:\/\/eldiarioantillano.com\/uno\/wp-content\/uploads\/2024\/04\/Esther-150x150.jpg 150w, https:\/\/eldiarioantillano.com\/uno\/wp-content\/uploads\/2024\/04\/Esther-300x300.jpg 300w, https:\/\/eldiarioantillano.com\/uno\/wp-content\/uploads\/2024\/04\/Esther-585x585.jpg 585w, https:\/\/eldiarioantillano.com\/uno\/wp-content\/uploads\/2024\/04\/Esther.jpg 640w\" sizes=\"(max-width: 150px) 100vw, 150px\" \/><figcaption class=\"wp-element-caption\">Esther Hern\u00e1ndez Medina<\/figcaption><\/figure>\n<\/div>\n\n\n<p>Odio y m\u00e1s odio en las redes. Odio que se convierte en insultos y golpes a quien piense diferente en la vida real. L\u00edderes que pregonan \u201climpiar\u201d sus pa\u00edses de las personas que aportan a sus econom\u00edas, pero que se niegan a ver como personas. Muros que se construyen y se ampl\u00edan por estados que pretenden ser no casas, sino fortalezas. Gobiernos que reciclan odios hist\u00f3ricos para aumentar su popularidad e incluso para quedarse en el poder violando las reglas m\u00e1s b\u00e1sicas del juego electoral. La ret\u00f3rica es la misma. Ya no se trata de adversarios ni de problemas, sino de \u201cdelincuentes\u201d, \u201canimales\u201d, \u201cinvasores\u201d y \u201ccriminales\u201d. Sea en Estados Unidos con Trump, en Hungr\u00eda con Orb\u00e1n, en El Salvador con Bukele, en la India con Modi, en Argentina con Milei o en Rusia con Putin, el autoritarismo avanza y mucha gente quiere enfrentar la <a href=\"https:\/\/acento.com.do\/opinion\/el-miedo-a-la-libertad-el-autoritarismo-y-el-codigo-penal-9366881.html\">incertidumbre de los tiempos que corren<\/a> recurriendo al supuesto \u201chombre fuerte\u201d.<\/p>\n\n\n\n<p>En nuestro pa\u00eds el caso es m\u00e1s complicado porque el PRM se define como un gobierno progresista y es, por definici\u00f3n, el partido heredero del PRD de la lucha antitrujillista y por la democracia. De hecho, en varias \u00e1reas el Gobierno ha llevado a cabo avances importantes como veo en las noticias y escucho de mis amistades y colegas que laboran en instituciones p\u00fablicas. Yo s\u00e9 por experiencia propia lo dif\u00edcil que es intentar cambiar el aparato estatal para que sirva mejor a todas las personas y por eso intento ser justa y reconocer y dar publicidad a esos esfuerzos cada vez que puedo.<\/p>\n\n\n\n<p>Por eso es que me sigue resultando tan dif\u00edcil de creer que esta administraci\u00f3n quiera parecerse cada vez m\u00e1s a los gobiernos autoritarios que les menciono y siga reciclando la ret\u00f3rica y pol\u00edticas antihaitianas y racistas del trujillismo y del balaguerismo. Soy optimista, pero no ingenua. S\u00e9 perfectamente y lo he dicho varias veces en esta columna y en las redes que lamentablemente eso lo han hecho la mayor\u00eda de los gobiernos de todos los partidos. Pero nunca pens\u00e9 que el partido heredero del PRD de Pe\u00f1a G\u00f3mez y de la lucha antitrujillista llegara al nivel de contradicci\u00f3n en que ahora se encuentra. Y cito a mis colegas y amigos, Juan Miguel, Amaury y Am\u00edn P\u00e9rez (los hijos del Bacho): \u201cOlvidando la historia de Pe\u00f1a G\u00f3mez, el PRM est\u00e1 radicalizando la xenofobia con sus formas de gobernar y no sabe en el hoyo moral profundo que est\u00e1 metiendo a la sociedad con su campa\u00f1a de odio\u201d.<\/p>\n\n\n\n<p>Los ejemplos han sido terribles y demasiados. No les voy a volver a comentar las m\u00faltiples violaciones a los derechos humanos que este Gobierno ha cometido con las deportaciones masivas que inici\u00f3 el 2 de octubre pasado. Como hemos dicho muchas personas muchas veces, es cierto que los estados tienen el derecho de llevar a cabo deportaciones, pero cuando se hacen de manera masiva, por definici\u00f3n, llevan al desorden y a aplastar la dignidad de la gente. No solo porque se cometen m\u00e1s errores, sino porque es m\u00e1s f\u00e1cil que se produzcan abusos, maltratos y hasta muertes como en efecto ha ocurrido.<\/p>\n\n\n\n<p>Tampoco les repetir\u00e9 lo moralmente repugnante que es como el Gobierno aumenta a\u00fan m\u00e1s su radio de acci\u00f3n deportando hasta mujeres embarazadas y reci\u00e9n paridas, violando nuestra propia Ley de Migraci\u00f3n y convirtiendo los hospitales y las escuelas en lugares de peligro, no de refugio como deben ser siempre.<\/p>\n\n\n\n<p>La idea de esta ofensiva es supuestamente presionar a la comunidad internacional para que se movilice y se haga cargo de Hait\u00ed. Pero lo \u00fanico que ha logrado es reactivar el odio que los sectores m\u00e1s conservadores han cultivado contra Hait\u00ed desde el siglo XIX. Odio que hasta el Gobierno de EE.\u00a0UU. foment\u00f3 a inicios del siglo XX y que Trujillo convirti\u00f3 en pol\u00edtica oficial con la matanza del 1937 y la labor ideol\u00f3gica de varios de los intelectuales de la \u00e9poca. Por eso es que el contraste entre el car\u00e1cter supuestamente progresista de esta administraci\u00f3n y sus actuaciones antes y despu\u00e9s de la conmemoraci\u00f3n del 60 aniversario de la Revoluci\u00f3n del 1965 no pudo haber sido mayor. Incluso antes de la marcha conmemorativa del pasado 27 de abril, representantes del Gobierno hac\u00edan declaraciones que parec\u00edan copiadas de las hechas por el grupo fascista y paramilitar que amenaz\u00f3 con enfrentarse a la manifestaci\u00f3n tild\u00e1ndola de \u201cpro-haitiana\u201d. Y despu\u00e9s de la marcha atacaron a un grupo de mujeres a pedradas cuando iban de regreso a sus veh\u00edculos para retirarse. Las mujeres tuvieron que refugiarse en el local del antiguo MIUCA (PCT) como <a href=\"https:\/\/acento.com.do\/opinion\/relato-de-una-agresion-9490540.html\">relat\u00f3 la antrop\u00f3loga Tahira Vargas<\/a> y un compa\u00f1ero del PCT que sali\u00f3 a defenderlas fue atacado de manera tal que tuvo que recibir atenci\u00f3n m\u00e9dica.<\/p>\n\n\n\n<p>Tambi\u00e9n el Gobierno desaloj\u00f3 a las personas dominicanas de origen haitiano y haitianas que viv\u00edan en Friusa, al parecer en respuesta a la <a href=\"https:\/\/acento.com.do\/opinion\/friusa-odio-e-inseguridad-9477364.html\">marcha en que la Antigua Orden<\/a> fue a la comunidad a intimidar y a agredir; a pesar de que sus vecinos y vecinas dominicanas declararon en varias ocasiones que no eran ciertas las acusaciones en su contra. La nueva serie de 15 medidas migratorias tambi\u00e9n fueron tomadas poco antes de otra marcha convocada por el mismo grupo paramilitar. Hay mucha gente ofreciendo explicaciones sobre la relaci\u00f3n entre la Antigua Orden y el Gobierno.<\/p>\n\n\n\n<p>Hay quienes incluso consideran que el segundo es quien financia a la primera. Otros plantean que no, pero que hay otros intereses econ\u00f3micos de por medio. Yo no tengo acceso a esas informaciones y no me gusta especular cuando no las tengo. Lo que s\u00e9 es que, cada vez m\u00e1s, la gesti\u00f3n del presidente Abinader me recuerda los planteamientos de mi profesor Ronald Heifetz sobre el liderazgo. Heifetz, uno de los profesores de la Escuela Kennedy de Gobierno de Harvard, donde lo conoc\u00ed, es una de las personas expertas m\u00e1s reconocidas en EE.\u00a0UU. en este tema. De hecho, leer su libro <em>Liderazgo sin respuestas f\u00e1ciles<\/em> fue la raz\u00f3n principal por la que quise ir a estudiar a la Escuela Kennedy.<\/p>\n\n\n\n<p>Heifetz diferencia lo que llama el liderazgo adaptativo (\u201csin respuestas f\u00e1ciles\u201d) del liderazgo tradicional. En el adaptativo, quien lidera busca entender las causas del problema y luego crea las condiciones para ayudar al grupo que le sigue a aprender, a abrirse y a crear nuevas soluciones. Abraham Lincoln y Nelson Mandela son ejemplos famosos del liderazgo adaptativo. Por el contrario, el liderazgo tradicional repite las f\u00f3rmulas del pasado y subestima la complejidad de los desaf\u00edos que tiene en frente. El presidente Abinader contin\u00faa haciendo lo segundo. En vez de aprovechar la popularidad con la que inici\u00f3 sus gestiones para ayudar al pa\u00eds a dejar atr\u00e1s las peores partes de nuestra historia, se ha ido por la f\u00f3rmula f\u00e1cil de reciclar el antihaitianismo para ganar m\u00e1s popularidad. En vez de aprovechar la experiencia de la gente de su propio gobierno, que es experta en el tema migratorio y en la relaci\u00f3n con Hait\u00ed, la ignora y crea nuevas instituciones con personajes conservadores como Milton Ray Guevara.<\/p>\n\n\n\n<p>De hecho, los grupos como la Antigua Orden ocupan cada vez m\u00e1s espacio porque se sienten cada vez <a href=\"https:\/\/acento.com.do\/editorial\/detener-el-riesgo-del-fascismo-y-la-deshumanizacion-9490228.html\">m\u00e1s apoyados por el gobierno<\/a>. Y sus acciones no son de ahora. Hace varios a\u00f1os que amenazan y atacan f\u00edsicamente en persona y acosan en las redes a activistas del movimiento feminista, antirracista, LGTBQ y de otros movimientos. Por lo menos, desde el 2020 han impedido, usando la violencia f\u00edsica, la realizaci\u00f3n de actividades pac\u00edficas como el homenaje a George Floyd en la calle Palo Hincado y el <em>performance<\/em> antirracista en octubre del 2022 en el Parque Col\u00f3n. Pero sus amenazas y acciones violentas vienen desde antes. Por lo menos, desde el 2016 han interrumpido por la fuerza reuniones y eventos de la Comisi\u00f3n Interamericana de Derechos Humanos, la Organizaci\u00f3n Internacional de las Migraciones y otras organizaciones. Tambi\u00e9n han amenazado y difamado a funcionarias y funcionarios de organismos internacionales, medios de comunicaci\u00f3n y de instituciones p\u00fablicas, incluyendo de este mismo Gobierno.<\/p>\n\n\n\n<p>En vez de avanzar en construir una pol\u00edtica migratoria con base en los datos y el respeto a las personas, el Gobierno se sigue dejando chantajear por lo peor de nuestra sociedad y reciclando lo peor del pasado. En vez de dedicar m\u00e1s recursos a resolver los verdaderos problemas nacionales, invierte cada vez m\u00e1s en el teatro pol\u00edtico de las deportaciones. Como plantea la periodista canadiense Naomi Klein\u2026 Ya no solo estamos sembrando odio, lo estamos cosechando.<\/p>\n","protected":false},"excerpt":{"rendered":"<p>El gobierno del PRM contin\u00faa acerc\u00e1ndose a la ret\u00f3rica y la pr\u00e1ctica de los gobiernos&hellip;<\/p>\n","protected":false},"author":2,"featured_media":66217,"comment_status":"open","ping_status":"open","sticky":false,"template":"","format":"standard","meta":{"footnotes":""},"categories":[70,55,51],"tags":[],"class_list":["post-73018","post","type-post","status-publish","format-standard","has-post-thumbnail","hentry","category-esther-hernandez-medina","category-nacionales","category-opinion"],"_links":{"self":[{"href":"https:\/\/eldiarioantillano.com\/uno\/wp-json\/wp\/v2\/posts\/73018","targetHints":{"allow":["GET"]}}],"collection":[{"href":"https:\/\/eldiarioantillano.com\/uno\/wp-json\/wp\/v2\/posts"}],"about":[{"href":"https:\/\/eldiarioantillano.com\/uno\/wp-json\/wp\/v2\/types\/post"}],"author":[{"embeddable":true,"href":"https:\/\/eldiarioantillano.com\/uno\/wp-json\/wp\/v2\/users\/2"}],"replies":[{"embeddable":true,"href":"https:\/\/eldiarioantillano.com\/uno\/wp-json\/wp\/v2\/comments?post=73018"}],"version-history":[{"count":1,"href":"https:\/\/eldiarioantillano.com\/uno\/wp-json\/wp\/v2\/posts\/73018\/revisions"}],"predecessor-version":[{"id":73019,"href":"https:\/\/eldiarioantillano.com\/uno\/wp-json\/wp\/v2\/posts\/73018\/revisions\/73019"}],"wp:featuredmedia":[{"embeddable":true,"href":"https:\/\/eldiarioantillano.com\/uno\/wp-json\/wp\/v2\/media\/66217"}],"wp:attachment":[{"href":"https:\/\/eldiarioantillano.com\/uno\/wp-json\/wp\/v2\/media?parent=73018"}],"wp:term":[{"taxonomy":"category","embeddable":true,"href":"https:\/\/eldiarioantillano.com\/uno\/wp-json\/wp\/v2\/categories?post=73018"},{"taxonomy":"post_tag","embeddable":true,"href":"https:\/\/eldiarioantillano.com\/uno\/wp-json\/wp\/v2\/tags?post=73018"}],"curies":[{"name":"wp","href":"https:\/\/api.w.org\/{rel}","templated":true}]}}