{"id":72998,"date":"2025-05-11T00:00:00","date_gmt":"2025-05-11T04:00:00","guid":{"rendered":"https:\/\/eldiarioantillano.com\/uno\/?p=72998"},"modified":"2025-05-31T00:39:52","modified_gmt":"2025-05-31T04:39:52","slug":"eeuu-y-china-bajara-tension-en-guerra-comercial","status":"publish","type":"post","link":"https:\/\/eldiarioantillano.com\/uno\/2025\/05\/11\/eeuu-y-china-bajara-tension-en-guerra-comercial\/","title":{"rendered":"EE.\u00a0UU. y China, \u00bfbajar\u00e1 tensi\u00f3n en guerra comercial?"},"content":{"rendered":"\n<p>Washington (Prensa Latina) Estados Unidos y China anunciaron que se sentar\u00e1n en la mesa de negociaciones para hablar de aranceles y tratar de bajar tensiones en una guerra comercial que tuvo un detonante unilateral: el presidente Donald Trump.<\/p>\n\n\n\n<p>La imposici\u00f3n de tarifas al mundo y en especial a China, ha sido un elemento que caus\u00f3 un revuelvo burs\u00e1til y una incertidumbre que no desaparece a\u00fan.<\/p>\n\n\n\n<p>El mandatario lleva semanas afirmando que al menos un acuerdo comercial es inminente con uno de las decenas de pa\u00edses que negocian activamente con Estados Unidos, pero hasta el momento nada concreto existe.<\/p>\n\n\n\n<p>Durante su viaje el domingo, a bordo del Air Force One, Trump afirm\u00f3 que \u201cmuy bien podr\u00eda haber\u201d acuerdos comerciales anunciados esta semana, pero lo mismo dijo la anterior, y la otra, destacan medios locales.<\/p>\n\n\n\n<p>Al mismo tiempo -se\u00f1alan- el presidente opt\u00f3 por continuar moderando las expectativas, y afirm\u00f3 que otros pa\u00edses, tanto amigos como enemigos, han estado \u201cestafando\u201d a Estados Unidos durante a\u00f1os y que ahora los acuerdos comerciales solo se concretar\u00edan cuando \u00e9l acepte t\u00e9rminos que beneficien a los estadounidenses.<\/p>\n\n\n\n<p>\u201cEstamos negociando con muchos pa\u00edses, pero al final de esto, yo establecer\u00e9 mis propios acuerdos, porque yo establezco el acuerdo, ellos no lo establecen, yo lo establezco\u201d, dijo en su estilo a los periodistas.<\/p>\n\n\n\n<p>La v\u00edspera Trump se\u00f1al\u00f3, durante la visita del primer ministro de Canad\u00e1, Mark Carney a la Casa Blanca, que los funcionarios de China \u00abquieren reunirse\u00bb para hablar de comercio y reafirm\u00f3 que ambos pa\u00edses conversar\u00e1n \u00aben el momento oportuno\u00bb.<\/p>\n\n\n\n<p>Respond\u00eda as\u00ed a las declaraciones previas del secretario del Tesoro, Scott Bessent, ante el Congreso la ma\u00f1ana del martes, en las que asegur\u00f3 que China \u00aba\u00fan no ha iniciado negociaciones\u00bb con Estados Unidos sobre comercio.<\/p>\n\n\n\n<p>\u00abQuieren negociar y quieren reunirse\u00bb, recalc\u00f3 Trump en el Despacho Oval junto a Carney. \u00abY nos reuniremos con ellos en el momento oportuno\u00bb, insisti\u00f3.<\/p>\n\n\n\n<p><strong>CONVERSACIONES COMENZAR\u00c1N EN MAYO<\/strong><\/p>\n\n\n\n<p>Por su parte, Beijing anunci\u00f3 que las conversaciones con Estados Unidos comenzar\u00e1n durante la visita del viceprimer ministro He Lifeng a Suiza, del 9 al 12 de mayo. De acuerdo con fuentes oficiales, el alto funcionario chino se reunir\u00e1 con Bessent.<\/p>\n\n\n\n<p>Ante el inminente proceso de di\u00e1logos sobre el tema, el gigante asi\u00e1tico ratific\u00f3 su posici\u00f3n de que cualquier negociaci\u00f3n debe basarse en el respeto mutuo, la igualdad y el beneficio compartido.<\/p>\n\n\n\n<p>El Ministerio de Comercio de China advirti\u00f3 que para que las negociaciones sean efectivas, Estados Unidos debe reconocer los da\u00f1os causados por sus medidas unilaterales, especialmente los aranceles impuestos a sus productos.<\/p>\n\n\n\n<p>Tambi\u00e9n Washington tendr\u00eda que dar marcha atr\u00e1s a pr\u00e1cticas contrarias al orden comercial internacional. \u201cSi Washington desea avanzar, debe actuar con sinceridad, no usar las conversaciones como fachada para continuar con pol\u00edticas coercitivas\u201d, indic\u00f3 una de declaraci\u00f3n de ese ministerio.<\/p>\n\n\n\n<p>Actualmente, los productos chinos que llegan a Estados Unidos son penalizados con tarifas de hasta 145 por ciento, de esa cifra 125 por ciento a partir de los anuncios de Trump en abril y 20 que mantiene con la excusa de que exige m\u00e1s avances en la lucha contra el fentanilo.<\/p>\n\n\n\n<p>En respuesta a esas medidas unilaterales, China impuso un arancel de 125 por ciento a todos los bienes que lleguen de Estados Unidos.<\/p>\n\n\n\n<p>rc\/dfm<\/p>\n","protected":false},"excerpt":{"rendered":"<p>Washington (Prensa Latina) Estados Unidos y China anunciaron que se sentar\u00e1n en la mesa de&hellip;<\/p>\n","protected":false},"author":2,"featured_media":73000,"comment_status":"open","ping_status":"open","sticky":false,"template":"","format":"standard","meta":{"footnotes":""},"categories":[52,53],"tags":[],"class_list":["post-72998","post","type-post","status-publish","format-standard","has-post-thumbnail","hentry","category-internacionales","category-prensa-latina"],"_links":{"self":[{"href":"https:\/\/eldiarioantillano.com\/uno\/wp-json\/wp\/v2\/posts\/72998","targetHints":{"allow":["GET"]}}],"collection":[{"href":"https:\/\/eldiarioantillano.com\/uno\/wp-json\/wp\/v2\/posts"}],"about":[{"href":"https:\/\/eldiarioantillano.com\/uno\/wp-json\/wp\/v2\/types\/post"}],"author":[{"embeddable":true,"href":"https:\/\/eldiarioantillano.com\/uno\/wp-json\/wp\/v2\/users\/2"}],"replies":[{"embeddable":true,"href":"https:\/\/eldiarioantillano.com\/uno\/wp-json\/wp\/v2\/comments?post=72998"}],"version-history":[{"count":2,"href":"https:\/\/eldiarioantillano.com\/uno\/wp-json\/wp\/v2\/posts\/72998\/revisions"}],"predecessor-version":[{"id":73002,"href":"https:\/\/eldiarioantillano.com\/uno\/wp-json\/wp\/v2\/posts\/72998\/revisions\/73002"}],"wp:featuredmedia":[{"embeddable":true,"href":"https:\/\/eldiarioantillano.com\/uno\/wp-json\/wp\/v2\/media\/73000"}],"wp:attachment":[{"href":"https:\/\/eldiarioantillano.com\/uno\/wp-json\/wp\/v2\/media?parent=72998"}],"wp:term":[{"taxonomy":"category","embeddable":true,"href":"https:\/\/eldiarioantillano.com\/uno\/wp-json\/wp\/v2\/categories?post=72998"},{"taxonomy":"post_tag","embeddable":true,"href":"https:\/\/eldiarioantillano.com\/uno\/wp-json\/wp\/v2\/tags?post=72998"}],"curies":[{"name":"wp","href":"https:\/\/api.w.org\/{rel}","templated":true}]}}