{"id":72956,"date":"2025-05-08T00:12:35","date_gmt":"2025-05-08T04:12:35","guid":{"rendered":"https:\/\/eldiarioantillano.com\/uno\/?p=72956"},"modified":"2025-05-08T00:10:42","modified_gmt":"2025-05-08T04:10:42","slug":"canoa-purpura-la-mineria-la-sobrevivencia-de-la-humanidad-y-las-juventudes","status":"publish","type":"post","link":"https:\/\/eldiarioantillano.com\/uno\/2025\/05\/08\/canoa-purpura-la-mineria-la-sobrevivencia-de-la-humanidad-y-las-juventudes\/","title":{"rendered":"Canoa P\u00farpura: La miner\u00eda, la sobrevivencia de la humanidad y las juventudes"},"content":{"rendered":"\n<p><em>Organizaciones internacionales como <\/em><a href=\"https:\/\/www.oxfam.org.au\/what-we-do\/economic-inequality\/mining\/\"><em>Oxfam<\/em><\/a><em> han alertado de que en los pa\u00edses empobrecidos las explotaciones mineras suelen tener impactos graves en las vidas de las personas: traslados forzosos, dificultades para tener acceso a agua potable, da\u00f1os a la salud, divisiones en las comunidades y acoso por parte de las mineras o de la seguridad de los gobiernos<\/em><\/p>\n\n\n\n<p>Por RIAMNY M\u00c9NDEZ F\u00c9LIZ<\/p>\n\n\n<div class=\"wp-block-image is-style-rounded\">\n<figure class=\"alignright size-thumbnail\"><img decoding=\"async\" width=\"150\" height=\"150\" src=\"https:\/\/eldiarioantillano.com\/uno\/wp-content\/uploads\/2025\/01\/RIANNY-MENDEZ-FELIZ-e1737519569200-150x150.jpg\" alt=\"\" class=\"wp-image-71128\"\/><figcaption class=\"wp-element-caption\">Riamny M\u00e9ndez F\u00e9liz<\/figcaption><\/figure>\n<\/div>\n\n\n<p>En la tarde del 30 de abril, en una acera de un sector privilegiado de la Ciudad de Panam\u00e1 hab\u00eda un letrero con la consigna: \u201cNo a la mina, s\u00ed a la vida\u201d. La vida estaba representada por peces dibujados de forma tal que parec\u00edan sobrevivientes de una cat\u00e1strofe.<\/p>\n\n\n\n<p>Grupos de j\u00f3venes y no tan <a href=\"https:\/\/www.chicagotribune.com\/2025\/04\/29\/marchan-en-panam-por-defensa-de-soberana-rechazo-a-reapertura-de-mina-y-reforma-de-pensiones\/\">j\u00f3venes se movilizaron en varios puntos de la ciudad el 29 y el 30 de abril<\/a>. Rechazan la reapertura de una mina de cobre y demandan pensiones dignas, <a href=\"https:\/\/www.youtube.com\/watch?v=1r8VVUTTe2I\">como lo han hecho en distintos momentos de este a\u00f1o<\/a>.<\/p>\n\n\n\n<p>Las reflexiones y protestas de los j\u00f3venes en contra de la explotaci\u00f3n minera y otras actividades de gran impacto ambiental en zonas estrat\u00e9gicas para la conservaci\u00f3n de ecosistemas y fuentes de agua claves para la sobrevivencia, aumentan en todo el mundo y particularmente en Am\u00e9rica Latina y \u00c1frica.<\/p>\n\n\n\n<p>En Colombia, <a href=\"https:\/\/www.youtube.com\/watch?v=5oQioimpmT0\">mujeres y j\u00f3venes expresan cada vez m\u00e1s preocupaci\u00f3n ante la posibilidad de que la miner\u00eda de cobre y de otros elementos da\u00f1e ecosistemas y recursos h\u00eddricos de la Amazon\u00eda<\/a>, que no solo es fundamental para la vida de pueblos originarios y de todo el pa\u00eds suramericano, sino tambi\u00e9n para la sobrevivencia del continente y a largo plazo, de todo el mundo.<\/p>\n\n\n\n<p>Y en nuestra isla, <a href=\"https:\/\/elpais.com\/america-futura\/2025-01-31\/el-verdadero-coste-del-oro-un-nuevo-proyecto-minero-reaviva-un-viejo-conflicto-en-republica-dominicana.html\">hace d\u00e9cadas que ambientalistas, entre ellos mujeres y j\u00f3venes, plantean la necesidad de tomar decisiones inteligentes para salvaguardar el agua<\/a>, amenazada por la explotaci\u00f3n de oro en un espacio insular de ecosistemas fr\u00e1giles y degradados.<\/p>\n\n\n\n<p><a href=\"https:\/\/www.ecologistasenaccion.org\/338177\/mas-de-200-organizaciones-europeas-denuncian-la-ue-esta-ocultando-informacion-sobre-los-proyectos-mineros-declarados-estrategicos\/\">Los ecologistas europeos tambi\u00e9n est\u00e1n preocupados por posibles da\u00f1os de la miner\u00eda<\/a> a la biodiversidad tanto en sus territorios como en otros lugares del planeta. No est\u00e1 en juego la belleza de un parque nacional, sino la sobrevivencia humana.<\/p>\n\n\n\n<p><strong>La v\u00e1lida preocupaci\u00f3n de las juventudes<\/strong><\/p>\n\n\n\n<p>Ante este panorama, tiene sentido que los j\u00f3venes est\u00e9n preocupados y planteen las discusiones b\u00e1sicas para afrontar su supervivencia y la de sus descendientes. Son ellos y ellas quienes se tendr\u00e1n que enfrentar a un mundo altamente contaminado y con impactos del cambio clim\u00e1tico que todav\u00eda no hemos sufrido y con suerte posiblemente no sufriremos quienes ya pasamos de 40 a\u00f1os.<\/p>\n\n\n\n<p>La miner\u00eda es, en general, una industria de riesgos ambientales elevados. Parece razonable, como plantean algunos grupos, que se practique solo la cantidad m\u00ednima necesaria para garantizar elementos b\u00e1sicos de la medicina y otras \u00e1reas que sostienen la vida, no la ambici\u00f3n de unos pocos. Suena a utop\u00eda este cambio civilizatorio que necesariamente debe trascender fronteras. Pero, sin cambios, la mayor\u00eda de los veintea\u00f1eros est\u00e1n destinados a un futuro todav\u00eda m\u00e1s contaminado que nuestro presente: una distop\u00eda de r\u00edos sucios, aire irrespirable, playas da\u00f1adas y en algunos lugares, escasez de comida y agudizaci\u00f3n de los conflictos sociales.<\/p>\n\n\n\n<p><a><\/a> Organizaciones internacionales como <a href=\"https:\/\/www.oxfam.org.au\/what-we-do\/economic-inequality\/mining\/\">Oxfam<\/a> han alertado de que en los pa\u00edses empobrecidos las explotaciones mineras suelen tener impactos graves en las vidas de las personas: traslados forzosos, dificultades para tener acceso a agua potable, da\u00f1os a la salud, divisiones en las comunidades y acoso por parte de las mineras o de la seguridad de los gobiernos.<\/p>\n\n\n\n<p>En la Rep\u00fablica Dominicana, sacerdotes y otros activistas que se manifestaban contra la miner\u00eda de oro a cielo abierto en Cotu\u00ed <a href=\"https:\/\/eldia.com.do\/un-sacerdote-y-mujeres-entre-heridos-por-policias\/\">fueron agredidos por la Polic\u00eda<\/a>.<\/p>\n\n\n\n<p>Fuera de Am\u00e9rica Latina y El Caribe, en la Rep\u00fablica Democr\u00e1tica del Congo, la miner\u00eda ha creado un problema social may\u00fasculo que azuza divisiones ya existentes y se beneficia de las consecuencias del colonialismo y el neocolonialismo, de acuerdo con organizaciones defensoras de derechos humanos, incluyendo a <a href=\"https:\/\/www.africanews.com\/2023\/09\/12\/cobalt-copper-mining-leading-to-forced-evictions-in-dr-congo-amnesty-international\/\">Amnist\u00eda Internacional.<\/a><\/p>\n\n\n\n<p>En este contexto, si bien todos los j\u00f3venes deben estar preocupados y ocupados ante este fen\u00f3meno, la urgencia por encontrar soluciones y llegar a acuerdos que frenen el desastre es mayor para los negros, los empobrecidos y los que pertenecen a pueblos originarios en Am\u00e9rica y \u00c1frica.<\/p>\n\n\n\n<p>Los j\u00f3venes del Sur global, a diferencia de las \u00e9lites, no tienen plan B. Ante la degradaci\u00f3n de sus pa\u00edses o comunidades, les esperan fronteras cerradas en los pa\u00edses ricos, discriminaci\u00f3n e ilegalidad de generaci\u00f3n en generaci\u00f3n, y m\u00e1s incertidumbre ante el cambio clim\u00e1tico. Y aun en lo que llaman primer mundo, \u00bfqui\u00e9nes estar\u00e1n seguros y en ambientes sin excesiva contaminaci\u00f3n y por cu\u00e1nto tiempo?<\/p>\n\n\n\n<p>Entonces, \u00bfcu\u00e1nta agua estamos dispuestos a poner en riesgo por el oro que alimenta la especulaci\u00f3n financiera? Si eres de clase media o de clase trabajadora con ingresos relativamente altos en un pa\u00eds empobrecido y crees que el problema no es contigo, piensa bien antes de responder.<\/p>\n\n\n\n<p>Quiz\u00e1s, el privilegio que ahora tienes de nada te servir\u00e1 ante la cat\u00e1strofe. Es probable que nunca seas lo suficiente blanco, angloparlante, rico, europeo o estadounidense para salvarte o salvar a tus hijos, nietos o hermanas. Y, sin una gobernanza m\u00ednima, a lo mejor ni las ciudadan\u00edas privilegiadas vivan en paz. Los j\u00f3venes que protestan en Panam\u00e1, en Colombia o en Rep\u00fablica Dominicana tienen raz\u00f3n. Tratan de salvarse y de salvarnos a todos de un sistema cruel, irracional y que nos conduce al desastre.<\/p>\n\n\n\n<p>&nbsp;<strong>*Canoa P\u00farpura, es la columna del proyecto period\u00edstico de&nbsp;Colectiva P\u00farpura&nbsp;y de su podcast&nbsp;<\/strong><a href=\"https:\/\/www.instagram.com\/libertariasrd\/\"><u><strong>Libertarias<\/strong><\/u><\/a><strong>, que se transmite por La Rep\u00fablica Radio.<\/strong><\/p>\n","protected":false},"excerpt":{"rendered":"<p>Organizaciones internacionales como Oxfam han alertado de que en los pa\u00edses empobrecidos las explotaciones mineras&hellip;<\/p>\n","protected":false},"author":2,"featured_media":71158,"comment_status":"open","ping_status":"open","sticky":false,"template":"","format":"standard","meta":{"footnotes":""},"categories":[55,51,163],"tags":[],"class_list":["post-72956","post","type-post","status-publish","format-standard","has-post-thumbnail","hentry","category-nacionales","category-opinion","category-riammy-mendez-feliz"],"_links":{"self":[{"href":"https:\/\/eldiarioantillano.com\/uno\/wp-json\/wp\/v2\/posts\/72956","targetHints":{"allow":["GET"]}}],"collection":[{"href":"https:\/\/eldiarioantillano.com\/uno\/wp-json\/wp\/v2\/posts"}],"about":[{"href":"https:\/\/eldiarioantillano.com\/uno\/wp-json\/wp\/v2\/types\/post"}],"author":[{"embeddable":true,"href":"https:\/\/eldiarioantillano.com\/uno\/wp-json\/wp\/v2\/users\/2"}],"replies":[{"embeddable":true,"href":"https:\/\/eldiarioantillano.com\/uno\/wp-json\/wp\/v2\/comments?post=72956"}],"version-history":[{"count":1,"href":"https:\/\/eldiarioantillano.com\/uno\/wp-json\/wp\/v2\/posts\/72956\/revisions"}],"predecessor-version":[{"id":72957,"href":"https:\/\/eldiarioantillano.com\/uno\/wp-json\/wp\/v2\/posts\/72956\/revisions\/72957"}],"wp:featuredmedia":[{"embeddable":true,"href":"https:\/\/eldiarioantillano.com\/uno\/wp-json\/wp\/v2\/media\/71158"}],"wp:attachment":[{"href":"https:\/\/eldiarioantillano.com\/uno\/wp-json\/wp\/v2\/media?parent=72956"}],"wp:term":[{"taxonomy":"category","embeddable":true,"href":"https:\/\/eldiarioantillano.com\/uno\/wp-json\/wp\/v2\/categories?post=72956"},{"taxonomy":"post_tag","embeddable":true,"href":"https:\/\/eldiarioantillano.com\/uno\/wp-json\/wp\/v2\/tags?post=72956"}],"curies":[{"name":"wp","href":"https:\/\/api.w.org\/{rel}","templated":true}]}}