{"id":72954,"date":"2025-05-08T00:10:14","date_gmt":"2025-05-08T04:10:14","guid":{"rendered":"https:\/\/eldiarioantillano.com\/uno\/?p=72954"},"modified":"2025-05-08T00:10:15","modified_gmt":"2025-05-08T04:10:15","slug":"inicia-sus-actividades-la-fundacion-coopsano-en-sabaneta-stgo-rodriguez","status":"publish","type":"post","link":"https:\/\/eldiarioantillano.com\/uno\/2025\/05\/08\/inicia-sus-actividades-la-fundacion-coopsano-en-sabaneta-stgo-rodriguez\/","title":{"rendered":"Inicia sus actividades la Fundaci\u00f3n Coopsano en Sabaneta, Stgo. Rodr\u00edguez"},"content":{"rendered":"\n<p>Directivos de la Cooperativa Sabaneta Novillo en el acto inaugural de la entidad ben\u00e9fica, entre ellos las damas Tania Damaris Olivo y Ani Lora, presidentas del consejo de administraci\u00f3n y de la Fundaci\u00f3n Coopsano.\u00a0<\/p>\n\n\n\n<figure class=\"wp-block-image size-large\"><img fetchpriority=\"high\" decoding=\"async\" width=\"1024\" height=\"682\" src=\"https:\/\/eldiarioantillano.com\/uno\/wp-content\/uploads\/2025\/05\/IMG-20250507-WA0077-1024x682.jpg\" alt=\"\" class=\"wp-image-72949\" style=\"aspect-ratio:16\/9;object-fit:cover\" srcset=\"https:\/\/eldiarioantillano.com\/uno\/wp-content\/uploads\/2025\/05\/IMG-20250507-WA0077-1024x682.jpg 1024w, https:\/\/eldiarioantillano.com\/uno\/wp-content\/uploads\/2025\/05\/IMG-20250507-WA0077-300x200.jpg 300w, https:\/\/eldiarioantillano.com\/uno\/wp-content\/uploads\/2025\/05\/IMG-20250507-WA0077-768x512.jpg 768w, https:\/\/eldiarioantillano.com\/uno\/wp-content\/uploads\/2025\/05\/IMG-20250507-WA0077-1536x1023.jpg 1536w, https:\/\/eldiarioantillano.com\/uno\/wp-content\/uploads\/2025\/05\/IMG-20250507-WA0077-1170x780.jpg 1170w, https:\/\/eldiarioantillano.com\/uno\/wp-content\/uploads\/2025\/05\/IMG-20250507-WA0077-585x390.jpg 585w, https:\/\/eldiarioantillano.com\/uno\/wp-content\/uploads\/2025\/05\/IMG-20250507-WA0077-263x175.jpg 263w, https:\/\/eldiarioantillano.com\/uno\/wp-content\/uploads\/2025\/05\/IMG-20250507-WA0077.jpg 1600w\" sizes=\"(max-width: 1024px) 100vw, 1024px\" \/><figcaption class=\"wp-element-caption\">Parte de los asistentes a la inauguraci\u00f3n de la Fundaci\u00f3n Coopsano en Sabaneta.\u00a0<br><\/figcaption><\/figure>\n\n\n\n<figure class=\"wp-block-image size-large\"><img decoding=\"async\" width=\"1024\" height=\"682\" src=\"https:\/\/eldiarioantillano.com\/uno\/wp-content\/uploads\/2025\/05\/IMG-20250507-WA0076-1024x682.jpg\" alt=\"\" class=\"wp-image-72948\" style=\"aspect-ratio:16\/9;object-fit:cover\" srcset=\"https:\/\/eldiarioantillano.com\/uno\/wp-content\/uploads\/2025\/05\/IMG-20250507-WA0076-1024x682.jpg 1024w, https:\/\/eldiarioantillano.com\/uno\/wp-content\/uploads\/2025\/05\/IMG-20250507-WA0076-300x200.jpg 300w, https:\/\/eldiarioantillano.com\/uno\/wp-content\/uploads\/2025\/05\/IMG-20250507-WA0076-768x512.jpg 768w, https:\/\/eldiarioantillano.com\/uno\/wp-content\/uploads\/2025\/05\/IMG-20250507-WA0076-1536x1023.jpg 1536w, https:\/\/eldiarioantillano.com\/uno\/wp-content\/uploads\/2025\/05\/IMG-20250507-WA0076-1170x780.jpg 1170w, https:\/\/eldiarioantillano.com\/uno\/wp-content\/uploads\/2025\/05\/IMG-20250507-WA0076-585x390.jpg 585w, https:\/\/eldiarioantillano.com\/uno\/wp-content\/uploads\/2025\/05\/IMG-20250507-WA0076-263x175.jpg 263w, https:\/\/eldiarioantillano.com\/uno\/wp-content\/uploads\/2025\/05\/IMG-20250507-WA0076.jpg 1600w\" sizes=\"(max-width: 1024px) 100vw, 1024px\" \/><\/figure>\n\n\n\n<p><br><br><\/p>\n\n\n\n<p><br><br><br><\/p>\n","protected":false},"excerpt":{"rendered":"<p>Directivos de la Cooperativa Sabaneta Novillo en el acto inaugural de la entidad ben\u00e9fica, entre&hellip;<\/p>\n","protected":false},"author":2,"featured_media":72950,"comment_status":"open","ping_status":"open","sticky":false,"template":"","format":"standard","meta":{"footnotes":""},"categories":[55],"tags":[],"class_list":["post-72954","post","type-post","status-publish","format-standard","has-post-thumbnail","hentry","category-nacionales"],"_links":{"self":[{"href":"https:\/\/eldiarioantillano.com\/uno\/wp-json\/wp\/v2\/posts\/72954","targetHints":{"allow":["GET"]}}],"collection":[{"href":"https:\/\/eldiarioantillano.com\/uno\/wp-json\/wp\/v2\/posts"}],"about":[{"href":"https:\/\/eldiarioantillano.com\/uno\/wp-json\/wp\/v2\/types\/post"}],"author":[{"embeddable":true,"href":"https:\/\/eldiarioantillano.com\/uno\/wp-json\/wp\/v2\/users\/2"}],"replies":[{"embeddable":true,"href":"https:\/\/eldiarioantillano.com\/uno\/wp-json\/wp\/v2\/comments?post=72954"}],"version-history":[{"count":1,"href":"https:\/\/eldiarioantillano.com\/uno\/wp-json\/wp\/v2\/posts\/72954\/revisions"}],"predecessor-version":[{"id":72955,"href":"https:\/\/eldiarioantillano.com\/uno\/wp-json\/wp\/v2\/posts\/72954\/revisions\/72955"}],"wp:featuredmedia":[{"embeddable":true,"href":"https:\/\/eldiarioantillano.com\/uno\/wp-json\/wp\/v2\/media\/72950"}],"wp:attachment":[{"href":"https:\/\/eldiarioantillano.com\/uno\/wp-json\/wp\/v2\/media?parent=72954"}],"wp:term":[{"taxonomy":"category","embeddable":true,"href":"https:\/\/eldiarioantillano.com\/uno\/wp-json\/wp\/v2\/categories?post=72954"},{"taxonomy":"post_tag","embeddable":true,"href":"https:\/\/eldiarioantillano.com\/uno\/wp-json\/wp\/v2\/tags?post=72954"}],"curies":[{"name":"wp","href":"https:\/\/api.w.org\/{rel}","templated":true}]}}