{"id":72952,"date":"2025-05-08T00:00:00","date_gmt":"2025-05-08T04:00:00","guid":{"rendered":"https:\/\/eldiarioantillano.com\/uno\/?p=72952"},"modified":"2025-05-07T23:53:09","modified_gmt":"2025-05-08T03:53:09","slug":"la-inmigracion-y-las-salvajadas-contra-las-parturientas-haitianas","status":"publish","type":"post","link":"https:\/\/eldiarioantillano.com\/uno\/2025\/05\/08\/la-inmigracion-y-las-salvajadas-contra-las-parturientas-haitianas\/","title":{"rendered":"La inmigraci\u00f3n y las salvajadas contra las parturientas haitianas"},"content":{"rendered":"\n<p>ART\u00cdCULO INVITADO<\/p>\n\n\n\n<p>Se\u00f1or Director:<\/p>\n\n\n\n<p>1.- Hist\u00f3ricamente, se ha dado el desplazamiento de grandes cantidades de personas f\u00edsicas de un pa\u00eds a otro. La emigraci\u00f3n ha tenido diferentes motivaciones.<\/p>\n\n\n\n<p>2.- En el pasado, dejar el pa\u00eds de origen para establecerse en otro estaba encerrado, por lo general, en la persecuci\u00f3n pol\u00edtica, religiosa, discriminatoria o por necesidades materiales y espirituales del peregrino.<\/p>\n\n\n\n<p>3.- En la actualidad, en la situaci\u00f3n mundial est\u00e1 presente y se destaca el fen\u00f3meno migratorio, que es la consecuencia del desarrollo desigual del pa\u00eds del emigrante y el que hace de receptor.<\/p>\n\n\n\n<p>4.- En la Rep\u00fablica Dominicana hay una gran cantidad de nacionales haitianos, en calidad de inmigrantes, insertados en distintas \u00e1reas del mercado laboral.<\/p>\n\n\n\n<p>5.- Desde el a\u00f1o 1971 hasta ahora, 2025, no existe ning\u00fan Acuerdo firmado entre la Rep\u00fablica Dominicana y Hait\u00ed para la entrada de haitianos a vender su fuerza de trabajo a un empleador o patrono dominicano.<\/p>\n\n\n\n<p>6.- El inmigrante haitiano que presta servicios en la industria de la construcci\u00f3n, sector turismo o agr\u00edcola, lo hace al margen de cualquier reglamento que tenga fuerza de ley.<\/p>\n\n\n\n<p>7.- Los empleadores o patronos, al igual que el gobierno central, tienen conocimientos de las condiciones bajo las cuales ejecutan sus actividades los inmigrantes haitianos.<\/p>\n\n\n\n<p>8.- La estad\u00eda del haitiano en el territorio nacional, en condici\u00f3n de inmigrante, sin documentaci\u00f3n alguna, es manejada por las autoridades dominicanas partiendo de su conveniencia pol\u00edtica coyuntural.<\/p>\n\n\n\n<p>9.- En otro orden, el asunto de las haitianas que vienen al pa\u00eds a parir es un negocio de tr\u00e1fico de personas que se inicia en la frontera dominico-haitiana y termina en una sala de parto convertida en una desverg\u00fcenza, toda una afrenta.<\/p>\n\n\n\n<p>10.- Lo que actualmente est\u00e1 ocurriendo en nuestro pa\u00eds con el trato a las haitianas que vienen a dar a luz es para horrorizarse, estremecerse, horripilarse y avergonzarse.<\/p>\n\n\n\n<p>11.- El bochornoso procedimiento que se est\u00e1 poniendo en pr\u00e1ctica contra las parturientas haitianas indocumentadas nos coloca como un pa\u00eds de gente deshumanizada.<\/p>\n\n\n\n<p>12.- Una mujer haitiana indocumentada que llega aqu\u00ed a dar a luz, en el curso del proceso de alumbramiento en el hospital pasa por un espacio de crueldad del cual es v\u00edctima la que est\u00e1 pariendo y el m\u00e9dico que la asiste.<\/p>\n\n\n\n<p>13.- La haitiana que como indocumentada llega a la Rep\u00fablica Dominicana a echar al mundo una criatura es tratada como un trapo, puesta de vuelta y media ella y el galeno que la ayuda a alumbrar.<\/p>\n\n\n\n<p>14.- Cuando la mujer haitiana no ha terminado de dar a luz, todav\u00eda con parte del ni\u00f1o o la ni\u00f1a en el vientre, ya est\u00e1 frente a ella un agente de migraci\u00f3n, papeles en mano, para determinar su condici\u00f3n de indocumentada o no.<\/p>\n\n\n\n<p>15.- Es para sentirse avergonzado, ponerse de mil colores, saber que en nuestra patria se recurre a m\u00e9todos que causan repugnancia para hacer cumplir una ley nacional, estando de por medio una parturienta.<\/p>\n\n\n\n<p>16.- Nadie se opone a que se le aplique la ley al que se coloca al margen de ella, pero sin violar el derecho a la vida y a la dignidad humana. En nuestro pa\u00eds, la salvajada contra las parturientas haitianas no debe continuar.<\/p>\n\n\n\n<p>Atentamente.<\/p>\n\n\n\n<p><strong>Dr. Ram\u00f3n Antonio Veras&nbsp;<\/strong><\/p>\n\n\n\n<p>Santiago de los Caballeros,&nbsp; &nbsp; &nbsp; &nbsp; &nbsp; &nbsp; &nbsp; &nbsp; &nbsp; &nbsp; &nbsp; &nbsp; &nbsp; &nbsp; &nbsp; &nbsp; &nbsp; &nbsp; &nbsp; &nbsp; &nbsp; &nbsp; &nbsp; &nbsp; &nbsp; &nbsp; &nbsp; &nbsp; &nbsp; &nbsp; &nbsp; &nbsp; &nbsp; &nbsp; &nbsp; &nbsp; &nbsp; &nbsp; &nbsp; &nbsp; &nbsp; &nbsp; &nbsp; &nbsp; &nbsp; &nbsp; &nbsp; &nbsp; &nbsp; &nbsp; &nbsp; &nbsp; &nbsp; &nbsp; &nbsp; &nbsp; &nbsp; &nbsp; &nbsp; &nbsp; &nbsp; 2 de mayo de 2025.<\/p>\n\n\n\n<p>Reproducido de www.barrigaverde.net<\/p>\n","protected":false},"excerpt":{"rendered":"<p>ART\u00cdCULO INVITADO Se\u00f1or Director: 1.- Hist\u00f3ricamente, se ha dado el desplazamiento de grandes cantidades de&hellip;<\/p>\n","protected":false},"author":2,"featured_media":67469,"comment_status":"open","ping_status":"open","sticky":false,"template":"","format":"standard","meta":{"footnotes":""},"categories":[66,55],"tags":[],"class_list":["post-72952","post","type-post","status-publish","format-standard","has-post-thumbnail","hentry","category-articulo-invitado","category-nacionales"],"_links":{"self":[{"href":"https:\/\/eldiarioantillano.com\/uno\/wp-json\/wp\/v2\/posts\/72952","targetHints":{"allow":["GET"]}}],"collection":[{"href":"https:\/\/eldiarioantillano.com\/uno\/wp-json\/wp\/v2\/posts"}],"about":[{"href":"https:\/\/eldiarioantillano.com\/uno\/wp-json\/wp\/v2\/types\/post"}],"author":[{"embeddable":true,"href":"https:\/\/eldiarioantillano.com\/uno\/wp-json\/wp\/v2\/users\/2"}],"replies":[{"embeddable":true,"href":"https:\/\/eldiarioantillano.com\/uno\/wp-json\/wp\/v2\/comments?post=72952"}],"version-history":[{"count":1,"href":"https:\/\/eldiarioantillano.com\/uno\/wp-json\/wp\/v2\/posts\/72952\/revisions"}],"predecessor-version":[{"id":72953,"href":"https:\/\/eldiarioantillano.com\/uno\/wp-json\/wp\/v2\/posts\/72952\/revisions\/72953"}],"wp:featuredmedia":[{"embeddable":true,"href":"https:\/\/eldiarioantillano.com\/uno\/wp-json\/wp\/v2\/media\/67469"}],"wp:attachment":[{"href":"https:\/\/eldiarioantillano.com\/uno\/wp-json\/wp\/v2\/media?parent=72952"}],"wp:term":[{"taxonomy":"category","embeddable":true,"href":"https:\/\/eldiarioantillano.com\/uno\/wp-json\/wp\/v2\/categories?post=72952"},{"taxonomy":"post_tag","embeddable":true,"href":"https:\/\/eldiarioantillano.com\/uno\/wp-json\/wp\/v2\/tags?post=72952"}],"curies":[{"name":"wp","href":"https:\/\/api.w.org\/{rel}","templated":true}]}}