{"id":72945,"date":"2025-05-08T00:09:45","date_gmt":"2025-05-08T04:09:45","guid":{"rendered":"https:\/\/eldiarioantillano.com\/uno\/?p=72945"},"modified":"2025-05-08T00:09:46","modified_gmt":"2025-05-08T04:09:46","slug":"diaz-canel-y-putin-resaltan-valor-historico-de-vinculos-ruso-cubanos","status":"publish","type":"post","link":"https:\/\/eldiarioantillano.com\/uno\/2025\/05\/08\/diaz-canel-y-putin-resaltan-valor-historico-de-vinculos-ruso-cubanos\/","title":{"rendered":"D\u00edaz-Canel y Putin resaltan valor hist\u00f3rico de v\u00ednculos ruso-cubanos"},"content":{"rendered":"\n<p>Mosc\u00fa, 7 may (Prensa Latina) El presidente de Rusia, Vlad\u00edmir Putin, catalog\u00f3 hoy de simb\u00f3licos y con valor hist\u00f3rico los v\u00ednculos ruso-cubanos al recibir a su hom\u00f3logo de la naci\u00f3n caribe\u00f1a, Miguel D\u00edaz-Canel.<\/p>\n\n\n\n<p>En el encuentro, el mandatario ruso expres\u00f3 al jefe de Estado antillano que constituye un simbolismo que la celebraci\u00f3n del D\u00eda de la Victoria coincida con los 65 a\u00f1os del restablecimiento de las relaciones diplom\u00e1ticas entre la entonces Uni\u00f3n Sovi\u00e9tica y Cuba, ocurrido el 8 de mayo de 1960.<br>Por su parte, D\u00edaz-Canel manifest\u00f3 sentirse muy contento y agradecido de haber sido invitado a Rusia para este evento hist\u00f3rico.<br>En ese sentido, ratific\u00f3 la importancia de las dos fechas \u00abque nos unen en nuestras hist\u00f3ricas relaciones\u00bb, sentenci\u00f3.<\/p>\n\n\n\n<p>\u00abLa primera de ellas, la m\u00e1s trascendental, es la victoria en la Gran Guerra Patria (1941-1945), y en segundo lugar, est\u00e1 el 65 aniversario del restablecimiento de relaciones entre nuestras naciones\u00bb, asever\u00f3 el dignatario de la mayor de las Antillas.<\/p>\n\n\n\n<p>D\u00edaz-Canel remarc\u00f3 de \u00abmuy significativo\u00bb estar presente en las conmemoraciones, pues a su juicio los tiempos actuales exigen plantearse acciones para el rescate de la memoria hist\u00f3rica, debido al incremento de los intentos por tratar de disminuir el papel protag\u00f3nico y heroico de la Uni\u00f3n Sovi\u00e9tica, del Ej\u00e9rcito Rojo y del pueblo ruso, con relaci\u00f3n a la victoria sobre el fascismo.<\/p>\n\n\n<div class=\"wp-block-image\">\n<figure class=\"aligncenter size-full\"><img fetchpriority=\"high\" decoding=\"async\" width=\"1020\" height=\"629\" src=\"https:\/\/eldiarioantillano.com\/uno\/wp-content\/uploads\/2025\/05\/encuento-bilateral-1.jpg\" alt=\"\" class=\"wp-image-72947\" srcset=\"https:\/\/eldiarioantillano.com\/uno\/wp-content\/uploads\/2025\/05\/encuento-bilateral-1.jpg 1020w, https:\/\/eldiarioantillano.com\/uno\/wp-content\/uploads\/2025\/05\/encuento-bilateral-1-300x185.jpg 300w, https:\/\/eldiarioantillano.com\/uno\/wp-content\/uploads\/2025\/05\/encuento-bilateral-1-768x474.jpg 768w, https:\/\/eldiarioantillano.com\/uno\/wp-content\/uploads\/2025\/05\/encuento-bilateral-1-585x361.jpg 585w\" sizes=\"(max-width: 1020px) 100vw, 1020px\" \/><\/figure>\n<\/div>\n\n\n<p>En su di\u00e1logo con Putin, el presidente de la isla caribe\u00f1a tambi\u00e9n manifest\u00f3 que la sociedad del gigante euroasi\u00e1tico tiene \u00abel m\u00e9rito de que salv\u00f3 a la humanidad\u00bb durante la II Guerra Mundial y agreg\u00f3 que en la actualidad \u00abtratan de negarlo y reescribir la historia\u00bb.<\/p>\n\n\n\n<p>Igualmente, alert\u00f3 sobre la presencia de nuevas manifestaciones de fascismo en el mundo y expres\u00f3 la necesidad de poner empe\u00f1o en contar la verdadera historia.<\/p>\n\n\n\n<p>Asimismo, afirm\u00f3 que los nexos entre La Habana y Mosc\u00fa perduran a pesar de los desaf\u00edos que han tenido que enfrentar en el tiempo. Compartimos retos, emociones, programas, proyectos conjuntos y hemos llegado hasta este d\u00eda: celebramos el 65 aniversario de esta relaci\u00f3n.<\/p>\n\n\n\n<p>\u201cLa historia ha demostrado que solo la unidad basada en la cooperaci\u00f3n, la solidaridad y la amistad nos permitir\u00e1 afrontar los desaf\u00edos actuales y futuros\u201d, finaliz\u00f3 D\u00edaz-Canel.<\/p>\n\n\n\n<p>Tras el intercambio inicial, ambos mandatarios y representantes de los dos pa\u00edses sostuvieron una ronda de negociaciones donde revisaron el desarrollo de los acuerdos bilaterales actuales y los planes a mediano y largo plazo de la cooperaci\u00f3n pol\u00edtica, econ\u00f3mica y comercial.<\/p>\n\n\n\n<p>El presidente cubano junto a una veintena de jefes de Estado y de Gobierno asistir\u00e1 este 9 de mayo al desfile por las ocho d\u00e9cadas de la victoria sobre el fascismo y el fin de la II Guerra Mundial, pautada como es tradici\u00f3n en la Plaza Roja de Mosc\u00fa.<\/p>\n\n\n\n<p>ro\/odf<\/p>\n","protected":false},"excerpt":{"rendered":"<p>Mosc\u00fa, 7 may (Prensa Latina) El presidente de Rusia, Vlad\u00edmir Putin, catalog\u00f3 hoy de simb\u00f3licos&hellip;<\/p>\n","protected":false},"author":2,"featured_media":72946,"comment_status":"open","ping_status":"open","sticky":false,"template":"","format":"standard","meta":{"footnotes":""},"categories":[52,53],"tags":[],"class_list":["post-72945","post","type-post","status-publish","format-standard","has-post-thumbnail","hentry","category-internacionales","category-prensa-latina"],"_links":{"self":[{"href":"https:\/\/eldiarioantillano.com\/uno\/wp-json\/wp\/v2\/posts\/72945","targetHints":{"allow":["GET"]}}],"collection":[{"href":"https:\/\/eldiarioantillano.com\/uno\/wp-json\/wp\/v2\/posts"}],"about":[{"href":"https:\/\/eldiarioantillano.com\/uno\/wp-json\/wp\/v2\/types\/post"}],"author":[{"embeddable":true,"href":"https:\/\/eldiarioantillano.com\/uno\/wp-json\/wp\/v2\/users\/2"}],"replies":[{"embeddable":true,"href":"https:\/\/eldiarioantillano.com\/uno\/wp-json\/wp\/v2\/comments?post=72945"}],"version-history":[{"count":1,"href":"https:\/\/eldiarioantillano.com\/uno\/wp-json\/wp\/v2\/posts\/72945\/revisions"}],"predecessor-version":[{"id":72951,"href":"https:\/\/eldiarioantillano.com\/uno\/wp-json\/wp\/v2\/posts\/72945\/revisions\/72951"}],"wp:featuredmedia":[{"embeddable":true,"href":"https:\/\/eldiarioantillano.com\/uno\/wp-json\/wp\/v2\/media\/72946"}],"wp:attachment":[{"href":"https:\/\/eldiarioantillano.com\/uno\/wp-json\/wp\/v2\/media?parent=72945"}],"wp:term":[{"taxonomy":"category","embeddable":true,"href":"https:\/\/eldiarioantillano.com\/uno\/wp-json\/wp\/v2\/categories?post=72945"},{"taxonomy":"post_tag","embeddable":true,"href":"https:\/\/eldiarioantillano.com\/uno\/wp-json\/wp\/v2\/tags?post=72945"}],"curies":[{"name":"wp","href":"https:\/\/api.w.org\/{rel}","templated":true}]}}