{"id":72938,"date":"2025-05-07T01:21:22","date_gmt":"2025-05-07T05:21:22","guid":{"rendered":"https:\/\/eldiarioantillano.com\/uno\/?p=72938"},"modified":"2025-05-07T01:21:23","modified_gmt":"2025-05-07T05:21:23","slug":"cardenales-llaman-a-la-paz-mundial-en-visperas-de-iniciar-el-conclave","status":"publish","type":"post","link":"https:\/\/eldiarioantillano.com\/uno\/2025\/05\/07\/cardenales-llaman-a-la-paz-mundial-en-visperas-de-iniciar-el-conclave\/","title":{"rendered":"Cardenales llaman a la paz mundial en v\u00edsperas de iniciar el C\u00f3nclave"},"content":{"rendered":"\n<p>Ciudad del Vaticano, may (Prensa Latina) Los cardenales cat\u00f3licos, reunidos en la \u00faltima Congregaci\u00f3n General previa al inicio del C\u00f3nclave para elegir al nuevo Sumo Pont\u00edfice, llamaron a acelerar las acciones para poner fin a los conflictos b\u00e9licos en el mundo.<\/p>\n\n\n\n<p>En el texto, publicado por la oficina de prensa de la Santa Sede, se hace referencia a la ausencia de progresos en la promoci\u00f3n de los procesos de paz en Ucrania, Medio Oriente y en muchas otras partes del mundo y se se\u00f1ala que, por el contrario, en los \u00faltimos d\u00edas se intensificaron los ataques, especialmente contra la poblaci\u00f3n civil.<\/p>\n\n\n\n<p>Ante tal situaci\u00f3n, \u201chacemos un llamamiento cordial a todas las partes implicadas para que se alcance lo antes posible un alto el fuego permanente y se negocie, sin condiciones previas ni ulteriores dilaciones, la paz largamente deseada por las poblaciones implicadas y por el mundo entero\u201d, expresan los cardenales en ese documento.<\/p>\n\n\n\n<p>El comunicado fue emitido tras culminar la duod\u00e9cima congregaci\u00f3n programada desde el fallecimiento el pasado 21 de abril del papa Francisco, la cual sesion\u00f3 entre las 09:00 y las 12:30 hora local de este martes, con la asistencia de 173 purpurados, entre ellos 130 electores.<\/p>\n\n\n\n<p>En ese encuentro, efectuado cuando faltan pocas horas para el comienzo del C\u00f3nclave, el pr\u00f3ximo 7 de mayo, se reiter\u00f3 adem\u00e1s la necesidad de que se lleven adelante muchas de las reformas impulsadas por Francisco, entre ellas la lucha contra los abusos, la transparencia econ\u00f3mica y la reorganizaci\u00f3n de la Curia,<\/p>\n\n\n\n<p>Se hizo referencia, en particular, a la importancia de mantener y potenciar el compromiso por la paz, as\u00ed como con la protecci\u00f3n del medio ambiente para preservar el planeta.<\/p>\n\n\n\n<p>En los debates, durante los cuales se realizaron 26 intervenciones, prevaleci\u00f3 el criterio de que \u201cen tiempos marcados por la guerra, la violencia y fuertes polarizaciones, existe una fuerte necesidad de un gu\u00eda espiritual que ofrezca misericordia, sinodalidad y esperanza\u201d, indica en una nota el \u00f3rgano informativo del Vaticano.<\/p>\n\n\n\n<p>En las reflexiones de los cardenales acerca de los valores que debe tener el pr\u00f3ximo Obispo de Roma, se subray\u00f3 que el mismo debe ser \u201ccercano a las necesidades y a las heridas de la humanidad\u201d.<\/p>\n\n\n\n<p>Durante un encuentro previo, efectuado la v\u00edspera entre las 17:00 y las 19:00 hora local del lunes \u00faltimo, se enfatiz\u00f3 en \u201cel compromiso y la responsabilidad de los cardenales en el apoyo al nuevo Papa, llamado a ser un verdadero pastor\u201d.<\/p>\n\n\n\n<p>El mismo, seg\u00fan se plante\u00f3, debe ser \u201cun l\u00edder que sepa ir m\u00e1s all\u00e1 de los confines de la \u00fanica Iglesia cat\u00f3lica, promoviendo el di\u00e1logo y la construcci\u00f3n de relaciones con otros mundos religiosos y culturales\u201d.<\/p>\n\n\n\n<p>Desde esta ma\u00f1ana los cardenales electores comenzaron a ingresar a la Casa Santa Marta, para instalarse en las habitaciones que les ser\u00e1n asignadas, y ma\u00f1ana a las 10:00 hora local asistir\u00e1n a una misa en la Bas\u00edlica de San Pedro.<\/p>\n\n\n\n<p>En la tarde se realizar\u00e1 la primera votaci\u00f3n para elegir al Papa, con una mayor\u00eda de dos tercios, mientras en lo sucesivo se realizar\u00e1n hasta cuatro diarias y, sobre la base de lo ocurrido en los \u00faltimos cinco C\u00f3nclaves es probable que, a m\u00e1s tardar en tres d\u00edas, se dar\u00e1 a conocer al nuevo Sumo Pont\u00edfice de la Iglesia cat\u00f3lica.<\/p>\n\n\n\n<p>jha\/ort<\/p>\n","protected":false},"excerpt":{"rendered":"<p>Ciudad del Vaticano, may (Prensa Latina) Los cardenales cat\u00f3licos, reunidos en la \u00faltima Congregaci\u00f3n General&hellip;<\/p>\n","protected":false},"author":2,"featured_media":72939,"comment_status":"open","ping_status":"open","sticky":false,"template":"","format":"standard","meta":{"footnotes":""},"categories":[52,53],"tags":[],"class_list":["post-72938","post","type-post","status-publish","format-standard","has-post-thumbnail","hentry","category-internacionales","category-prensa-latina"],"_links":{"self":[{"href":"https:\/\/eldiarioantillano.com\/uno\/wp-json\/wp\/v2\/posts\/72938","targetHints":{"allow":["GET"]}}],"collection":[{"href":"https:\/\/eldiarioantillano.com\/uno\/wp-json\/wp\/v2\/posts"}],"about":[{"href":"https:\/\/eldiarioantillano.com\/uno\/wp-json\/wp\/v2\/types\/post"}],"author":[{"embeddable":true,"href":"https:\/\/eldiarioantillano.com\/uno\/wp-json\/wp\/v2\/users\/2"}],"replies":[{"embeddable":true,"href":"https:\/\/eldiarioantillano.com\/uno\/wp-json\/wp\/v2\/comments?post=72938"}],"version-history":[{"count":1,"href":"https:\/\/eldiarioantillano.com\/uno\/wp-json\/wp\/v2\/posts\/72938\/revisions"}],"predecessor-version":[{"id":72940,"href":"https:\/\/eldiarioantillano.com\/uno\/wp-json\/wp\/v2\/posts\/72938\/revisions\/72940"}],"wp:featuredmedia":[{"embeddable":true,"href":"https:\/\/eldiarioantillano.com\/uno\/wp-json\/wp\/v2\/media\/72939"}],"wp:attachment":[{"href":"https:\/\/eldiarioantillano.com\/uno\/wp-json\/wp\/v2\/media?parent=72938"}],"wp:term":[{"taxonomy":"category","embeddable":true,"href":"https:\/\/eldiarioantillano.com\/uno\/wp-json\/wp\/v2\/categories?post=72938"},{"taxonomy":"post_tag","embeddable":true,"href":"https:\/\/eldiarioantillano.com\/uno\/wp-json\/wp\/v2\/tags?post=72938"}],"curies":[{"name":"wp","href":"https:\/\/api.w.org\/{rel}","templated":true}]}}