{"id":72821,"date":"2025-04-30T01:31:36","date_gmt":"2025-04-30T05:31:36","guid":{"rendered":"https:\/\/eldiarioantillano.com\/uno\/?p=72821"},"modified":"2025-04-30T01:31:38","modified_gmt":"2025-04-30T05:31:38","slug":"una-cultura-del-cuidado","status":"publish","type":"post","link":"https:\/\/eldiarioantillano.com\/uno\/2025\/04\/30\/una-cultura-del-cuidado\/","title":{"rendered":"Una cultura del cuidado"},"content":{"rendered":"\n<p>La tragedia de Jet Set y las nuevas medidas migratorias del presente gobierno nos recuerdan una vez m\u00e1s que necesitamos construir una cultura del cuidado y de respeto a la dignidad de todas las personas.<\/p>\n\n\n\n<p>Por ESTHER HERN\u00c1NDEZ MEDINA<\/p>\n\n\n\n<p class=\"has-text-align-right\"><em>La misericordia\u2026 cambia el mundo. Un poco de misericordia<\/em><br><em>hace que el mundo sea menos fr\u00edo y m\u00e1s justo<\/em><br>Papa Francisco<\/p>\n\n\n<div class=\"wp-block-image is-style-rounded\">\n<figure class=\"alignright size-thumbnail\"><img decoding=\"async\" width=\"150\" height=\"150\" src=\"https:\/\/eldiarioantillano.com\/uno\/wp-content\/uploads\/2024\/04\/Esther-150x150.jpg\" alt=\"\" class=\"wp-image-66217\" srcset=\"https:\/\/eldiarioantillano.com\/uno\/wp-content\/uploads\/2024\/04\/Esther-150x150.jpg 150w, https:\/\/eldiarioantillano.com\/uno\/wp-content\/uploads\/2024\/04\/Esther-300x300.jpg 300w, https:\/\/eldiarioantillano.com\/uno\/wp-content\/uploads\/2024\/04\/Esther-585x585.jpg 585w, https:\/\/eldiarioantillano.com\/uno\/wp-content\/uploads\/2024\/04\/Esther.jpg 640w\" sizes=\"(max-width: 150px) 100vw, 150px\" \/><figcaption class=\"wp-element-caption\">Esther Hern\u00e1ndez Medina<\/figcaption><\/figure>\n<\/div>\n\n\n<p>Como les pas\u00f3 tambi\u00e9n a ustedes, el martes 8 de abril se me cay\u00f3 el coraz\u00f3n al piso cuando vi la noticia de la tragedia en Jet Set. Lamentablemente ya hab\u00eda enviado mi columna de esa semana cuando empec\u00e9 a ver la magnitud del hecho y para serles sincera, no creo que habr\u00eda podido escribir nada m\u00e1s en ese momento paralizada como estaba con la noticia. Adem\u00e1s, Jet Set era un \u00edcono tan presente en nuestra vida colectiva que mi primera reacci\u00f3n al ver las im\u00e1genes fue pensar \u201cesa pude haber sido yo\u201d. Ten\u00eda mucho tiempo sin ir, pero me encanta salir a bailar y con frecuencia fantaseaba con volver en uno de sus lunes apote\u00f3sicos de m\u00fasica en vivo. Y siempre hab\u00eda asociado el lugar con momentos alegres desde cuando iba a ver pel\u00edculas con mi familia al Cine El Portal de los a\u00f1os 80.<\/p>\n\n\n\n<p>Poco despu\u00e9s, como les ocurri\u00f3 a tantas y tantos de ustedes, me empezaron a llegar las informaciones de gente cercana a mis c\u00edrculos que hab\u00edan confirmado como fallecida. Por ejemplo, un amigo y una amiga del colegio perdieron gente muy querida. \u00c9l incluso se salv\u00f3 porque hab\u00eda llegado cansado de un viaje y por eso no acompa\u00f1\u00f3 a sus amigos esa noche. Ella apoy\u00f3 a la familia yendo a buscar el carro de su amiga en los alrededores de Jet Set y escogiendo la ropa que le pondr\u00edan al cuerpo en el velorio. Las respectivas familias, como se imaginar\u00e1n, solo pod\u00edan hacer lo imprescindible. Las dos amistades de las que les hablo son de las personas m\u00e1s ecu\u00e1nimes y generosas que conozco y sin conocer a sus seres queridos y aun estando tan lejos en California me dol\u00edan y me duelen sus p\u00e9rdidas.<\/p>\n\n\n\n<p>Ese mismo d\u00eda la muerte se acerc\u00f3 todav\u00eda m\u00e1s cuando supe que hab\u00eda fallecido una persona que conoc\u00eda, la fant\u00e1stica Lucila Ram\u00f3n. Lucila, conocida y amiga de muchas en el movimiento feminista y en otros movimientos, era una mujer solidaria y alegre como pocas, como nos record\u00f3 Tahira Vargas en la <a href=\"https:\/\/hoy.com.do\/amiga-lucila-alegria-y-muerte\/\">hermosa cr\u00f3nica<\/a> que escribi\u00f3 sobre ella. Como explic\u00f3 Tahira, Lucila \u201cdedic\u00f3 su vida al compromiso por la salud, seguridad alimentaria y bienestar de gran parte de la poblaci\u00f3n infantil y adolescente del pa\u00eds desde su labor en el\u00a0Programa Mundial de Alimentos, PMA,\u00a0y desde labores voluntarias diversas en distintas comunidades\u201d. Lucila falleci\u00f3 en su b\u00fasqueda constante de la alegr\u00eda junto con su hija Isaura y sus muertes enlutaron no solo a su familia, sino a cientos de amistades, compa\u00f1eras y compa\u00f1eros de trabajo y personas conocidas muchas de las cuales llenaron la funeraria y rindieron homenaje a sus vidas y lo mucho que significaron en las nuestras.<\/p>\n\n\n\n<p>En estas dos semanas nuestro pa\u00eds ha estado lleno de homenajes similares, desde el velorio m\u00e1s humilde hasta el Teatro Nacional. A pesar de la tristeza y de algunos casos vergonzosos, ver la solidaridad sin l\u00edmites de tanta gente donando sangre, tiempo y recursos, compartiendo informaciones vitales y organizando encuentros con profesionales de la psicolog\u00eda para asistir en el duelo repentino de tantas familias me llen\u00f3 de esperanza. Fue hermoso ver la actuaci\u00f3n impresionante de nuestro personal de rescate y ver tantos casos de personas que conociendo y muchas veces sin conocer a las v\u00edctimas apoyaron a las familias afectadas y al personal de rescate cocinando y llev\u00e1ndoles comida, cuidando sus ni\u00f1os y ni\u00f1as peque\u00f1as, haciendo diligencias o simplemente poniendo el hombro para contener el llanto y la desesperaci\u00f3n. Tambi\u00e9n s\u00e9 que instituciones gubernamentales como Sup\u00e9rate, el Ministerio de Salud y CONANI han estado dando apoyo a las familias afectadas; apoyo que esperamos vaya mucho m\u00e1s all\u00e1 de lo inmediato.<\/p>\n\n\n\n<p>Por eso ha sido tan dif\u00edcil ver el terrible contraste este lunes con el inicio de la implementaci\u00f3n de las nuevas medidas migratorias del presente gobierno. Ver la imagen de una mujer en labor de parto siendo escoltada para subirse a un autob\u00fas despu\u00e9s de haber sido sacada de un hospital parte el coraz\u00f3n. Los hospitales y las escuelas son lugares donde se debe proteger a las personas, todas las personas, independientemente de su nacionalidad y de su estatus legal como, de hecho, establece nuestra propia ley de migraci\u00f3n. Y es doloroso ver c\u00f3mo la solidaridad sin l\u00edmites que mostramos en momentos terribles como la tragedia de Jet Set y que tambi\u00e9n mostramos al pueblo haitiano despu\u00e9s del terremoto del 2010, parece haberse desplomado en los \u00faltimos a\u00f1os cuando se trata de personas haitianas o sus descendientes.<\/p>\n\n\n\n<p>El contraste es a\u00fan mayor cuando vemos los insultos y barbaridades que muchas personas fanatizadas ponen en las redes, desde que en cualquier situaci\u00f3n dif\u00edcil se especifica que la v\u00edctima del accidente o el maltrato o el abuso es haitiana o dominicana de origen haitiano. Puede ser el joven que se ahog\u00f3 en el r\u00edo a la vista de una muchedumbre que lo miraba desde el puente porque nadie quiso ayudarle. Puede ser la mujer que obligaron a parir sin ayuda en la entrada del hospital porque no la dejaron entrar. Pueden ser los cientos de miles de personas dominicanas de origen haitiano que siguen sin poder estudiar ni trabajar porque el Estado dominicano les quit\u00f3 la nacionalidad violando el derecho nacional e internacional. Puede ser la mujer de las im\u00e1genes que les mencion\u00e9 sacada del hospital aunque estaba ya en labores de parto.<\/p>\n\n\n\n<p>Incluso personas que se definen como cristianas no ven la contradicci\u00f3n terrible entre los hermosos textos y oraciones que compart\u00edan reci\u00e9n la semana pasada por ser Semana Santa y la forma cruel en que ahora se refieren a nuestras hermanas y hermanos haitianos como si fueran animales y no personas. Tampoco ven la contradicci\u00f3n entre implementar medidas como las anunciadas por el Presidente Abinader y llorar y declarar tres d\u00edas de duelo por la muerte del Papa Francisco, el <a href=\"https:\/\/acento.com.do\/actualidad\/papa-francisco-propone-la-dignidad-humana-como-fundamento-del-debate-migratorio-9454907.html\">pont\u00edfice que m\u00e1s defendi\u00f3 a las personas migrantes<\/a> e incluso critic\u00f3 a la administraci\u00f3n actual del pa\u00eds m\u00e1s poderoso del mundo por la forma en que les tratan. Y aclaro que no pertenezco a ninguna religi\u00f3n y en muchas cosas no estaba de acuerdo con el Papa Francisco, pero respeto su legado y su labor en defensa de las personas m\u00e1s pobres incluyendo las migrantes. Como plante\u00f3 mi colega Juan Miguel P\u00e9rez este lunes: \u201cHoy, 21 de abril, Francisco muere el mismo d\u00eda que el gobierno dominicano sustituye a m\u00e9dicos por militares en los hospitales p\u00fablicos\u201d.<\/p>\n\n\n\n<p>Por todo esto podr\u00eda nuevamente insistir, como he hecho en otras columnas, en que necesitamos replantearnos la relaci\u00f3n con Hait\u00ed m\u00e1s all\u00e1 de <a href=\"https:\/\/acento.com.do\/cultura\/el-gaga-es-nuestro-y-es-celebracion-9185836.html\">los prejuicios<\/a> y la <a href=\"https:\/\/acento.com.do\/opinion\/las-mentiras-del-fascismo-dominicano-9405863.html\">ret\u00f3rica patriotera y anti-haitiana,<\/a> en que no es cierto que Hait\u00ed es solo una carga porque es uno de nuestros <a href=\"https:\/\/www.prodominicana.gob.do\/noticias\/ab75ff0f-dad0-488b-8774-ec01eb335fe9\">mercados de exportaci\u00f3n m\u00e1s importantes<\/a>, en que la mano de obra haitiana sostiene gran parte de nuestra econom\u00eda en sectores donde las y los dominicanos no quieren trabajar (por m\u00e1s que el gobierno ahora quiera \u201cdominicanizarlos\u201d) o que como sociedad nos conviene aprender de la <a href=\"https:\/\/acento.com.do\/opinion\/aprender-sobre-haiti-9435793.html\">historia y presente de Hait\u00ed<\/a> porque nunca va a dejar de ser nuestro pa\u00eds vecino. Tambi\u00e9n podr\u00eda repetir que las deportaciones masivas y arbitrarias no resuelven el tema migratorio, como han planteado las personas e instituciones expertas en el tema en nuestro pa\u00eds y en el mundo. Incluso podr\u00eda recordar que incluso si tuvi\u00e9ramos \u00e9xito en lograr que la agricultura, la construcci\u00f3n, el turismo, el comercio y otros sectores funcionaran totalmente con mano de obra dominicana aumentar\u00edan m\u00e1s todav\u00eda los precios de todo lo que consumimos.<\/p>\n\n\n\n<p>Pero no, hoy no voy a hacer todo eso. Hoy solo voy a decir que como sociedad necesitamos crecer no solo econ\u00f3micamente, sino creando una cultura del cuidado de las personas consistente con nuestra capacidad innata para la solidaridad. Eso incluye, entre muchas otras cosas, implementar pol\u00edticas de prevenci\u00f3n y mantenimiento en todas las infraestructuras para prevenir tragedias como la de Jet Set, ampliar los sistemas de cuidado de las familias y los grupos vulnerables y dejar de copiar las f\u00f3rmulas autoritarias del pasado en nuestro sistema migratorio.<\/p>\n\n\n\n<p>Recordemos que perdemos nuestra humanidad cada vez que negamos la humanidad de las otras personas. Apostemos por una cultura del cuidado.<\/p>\n","protected":false},"excerpt":{"rendered":"<p>La tragedia de Jet Set y las nuevas medidas migratorias del presente gobierno nos recuerdan&hellip;<\/p>\n","protected":false},"author":2,"featured_media":66217,"comment_status":"open","ping_status":"open","sticky":false,"template":"","format":"standard","meta":{"footnotes":""},"categories":[70,55,51],"tags":[],"class_list":["post-72821","post","type-post","status-publish","format-standard","has-post-thumbnail","hentry","category-esther-hernandez-medina","category-nacionales","category-opinion"],"_links":{"self":[{"href":"https:\/\/eldiarioantillano.com\/uno\/wp-json\/wp\/v2\/posts\/72821","targetHints":{"allow":["GET"]}}],"collection":[{"href":"https:\/\/eldiarioantillano.com\/uno\/wp-json\/wp\/v2\/posts"}],"about":[{"href":"https:\/\/eldiarioantillano.com\/uno\/wp-json\/wp\/v2\/types\/post"}],"author":[{"embeddable":true,"href":"https:\/\/eldiarioantillano.com\/uno\/wp-json\/wp\/v2\/users\/2"}],"replies":[{"embeddable":true,"href":"https:\/\/eldiarioantillano.com\/uno\/wp-json\/wp\/v2\/comments?post=72821"}],"version-history":[{"count":1,"href":"https:\/\/eldiarioantillano.com\/uno\/wp-json\/wp\/v2\/posts\/72821\/revisions"}],"predecessor-version":[{"id":72822,"href":"https:\/\/eldiarioantillano.com\/uno\/wp-json\/wp\/v2\/posts\/72821\/revisions\/72822"}],"wp:featuredmedia":[{"embeddable":true,"href":"https:\/\/eldiarioantillano.com\/uno\/wp-json\/wp\/v2\/media\/66217"}],"wp:attachment":[{"href":"https:\/\/eldiarioantillano.com\/uno\/wp-json\/wp\/v2\/media?parent=72821"}],"wp:term":[{"taxonomy":"category","embeddable":true,"href":"https:\/\/eldiarioantillano.com\/uno\/wp-json\/wp\/v2\/categories?post=72821"},{"taxonomy":"post_tag","embeddable":true,"href":"https:\/\/eldiarioantillano.com\/uno\/wp-json\/wp\/v2\/tags?post=72821"}],"curies":[{"name":"wp","href":"https:\/\/api.w.org\/{rel}","templated":true}]}}