{"id":72567,"date":"2025-04-14T00:59:14","date_gmt":"2025-04-14T04:59:14","guid":{"rendered":"https:\/\/eldiarioantillano.com\/uno\/?p=72567"},"modified":"2025-04-14T00:59:15","modified_gmt":"2025-04-14T04:59:15","slug":"onamet-anuncia-radar-rd-esta-integrado-al-mosaico-de-radares-region-del-caribe","status":"publish","type":"post","link":"https:\/\/eldiarioantillano.com\/uno\/2025\/04\/14\/onamet-anuncia-radar-rd-esta-integrado-al-mosaico-de-radares-region-del-caribe\/","title":{"rendered":"ONAMET anuncia radar RD est\u00e1 integrado al mosaico de radares regi\u00f3n del Caribe"},"content":{"rendered":"\n<p class=\"wp-block-paragraph\">La Oficina Nacional de Meteorolog\u00eda (ONAMET) comunic\u00f3 &nbsp;en la &nbsp;reuni\u00f3n del Comit\u00e9 de Huracanes de la Asociaci\u00f3n Regional IV de la Organizaci\u00f3n Meteorol\u00f3gica Mundial, (OMM) que la Rep\u00fablica Dominicana&nbsp; integraba&nbsp; su Radar Doppler al mosaico de radares &nbsp;&nbsp;del Caribe donde todos los pa\u00edses de la regi\u00f3n podr\u00e1n ver sus im\u00e1genes o los ecos precipitables que se produzcan en la zona que abarca.<\/p>\n\n\n\n<p class=\"wp-block-paragraph\">&nbsp;La informaci\u00f3n la ofreci\u00f3 el &nbsp;ingeniero &nbsp;Andr\u00e9s Miguel &nbsp;Campusano, Subdirector T\u00e9cnico de la ONAMET quien asisti\u00f3 al evento en representaci\u00f3n de la directora de la Oficina Nacional de Meteorolog\u00eda, Gloria Ceballos&nbsp; G\u00f3mez &nbsp;explicando que el radar est\u00e1 &nbsp;localizado en &nbsp;Punta Cana, provincia La Altagracia, &nbsp;&nbsp;administrado por el Instituto Dominicano de Aviaci\u00f3n Civil (IDAC).<\/p>\n\n\n\n<p class=\"wp-block-paragraph\">&nbsp;En la reuni\u00f3n &nbsp;tambi\u00e9n se anunci\u00f3 que los productos del Centro Nacional de Huracanes &nbsp;de los Estados Unidos &nbsp;de manera experimental &nbsp;se publicar\u00e1n en &nbsp;espa\u00f1ol, entre ellos &nbsp;&nbsp;&nbsp;avisos al p\u00fablico, discusiones de ciclones tropicales, mensajes &nbsp;claves y las perspectivas tropicales, se utilizar\u00e1n t\u00e9cnicas de inteligencia artificial y se continuar\u00e1 con el gr\u00e1fico de predicci\u00f3n de lluvias, el cual se inici\u00f3 en el a\u00f1o 2023.<\/p>\n\n\n\n<p class=\"wp-block-paragraph\">\u00a0La Regional IV de la OMM est\u00e1 integrada por los pa\u00edses de Estados\u00a0 Unidos, Canad\u00e1, M\u00e9xico,\u00a0 Centroam\u00e9rica y El Caribe donde est\u00e1 localizada Rep\u00fablica Dominicana, las Antillas Menores incluyendo Venezuela y Colombia,\u00a0 a la vez se\u00a0 aprob\u00f3 \u00a0retirar los nombres de los huracanes Dora y Otis del noreste del oc\u00e9ano Pac\u00edfico.<\/p>\n\n\n\n<p class=\"wp-block-paragraph\">\u00a0<strong>Otis<\/strong>\u00a0provoc\u00f3 da\u00f1os cuantiosos y m\u00e1s de 100 muertes en la ciudad de Acapulco de Ju\u00e1rez,\u00a0 M\u00e9xico, en el pasado a\u00f1o 2023 durante la Temporada Cicl\u00f3nica.<\/p>\n\n\n\n<p class=\"wp-block-paragraph\">\u00a0La XLVI reuni\u00f3n del Comit\u00e9 de Huracanes\u00a0 fue celebrada\u00a0durante los d\u00edas del 18 al \u00a022 de marzo \u00a0en la ciudad de Panam\u00e1, con los representantes de los pa\u00edses del Caribe, Am\u00e9rica Central, M\u00e9xico y Estados Unidos, a la cual asistieron 70 participantes, entre ellos 28 representantes de Estados miembros de la Regional IV de la OMM (la mayor\u00eda asistieron de forma presencial), observadores, personal de la OMM y Representantes de instituciones privadas relacionadas con las ventas de infraestructuras meteorol\u00f3gicas, seg\u00fan inform\u00f3 el ingeniero Campusano.<\/p>\n\n\n\n<p class=\"wp-block-paragraph\">&nbsp;En la reuni\u00f3n,&nbsp; el Presidente del Comit\u00e9, el Doctor &nbsp;Michael Brennan, Director del Centro Nacional de Huracanes de Miami, present\u00f3 un informe sobre los esfuerzos continuos que se hacen para continuar el fortalecimiento de las coordinaciones de la regi\u00f3n, las capacitaciones en el Centro Nacional de Huracanes, las visitas de concientizaci\u00f3n del avi\u00f3n cazahuracanes, las pol\u00edticas de divulgaci\u00f3n de las informaciones al p\u00fablico en general, as\u00ed como la coordinaci\u00f3n con las instituciones de protecci\u00f3n civil.<\/p>\n\n\n\n<p class=\"wp-block-paragraph\">&nbsp;Otros &nbsp;temas&nbsp; que se trataron en la XLVI Reuni\u00f3n del Comit\u00e9 de Huracanes fueron los siguientes:<\/p>\n\n\n\n<p class=\"wp-block-paragraph\">&nbsp;Presentar otra opci\u00f3n de comunicaci\u00f3n para la coordinaci\u00f3n con los miembros de la regi\u00f3n, el NWSCHAT2.0.<\/p>\n\n\n\n<p class=\"wp-block-paragraph\">&nbsp;Cada pa\u00eds present\u00f3 su informe local de los impactos de los ciclones tropicales durante la temporada cicl\u00f3nica de 2023, donde adem\u00e1s de los da\u00f1os y p\u00e9rdidas econ\u00f3micas que se produjeron en cada territorio&nbsp;&nbsp;&nbsp; afectado, se plantearon las buenas pr\u00e1cticas y los desaf\u00edos que tienen los pa\u00edses, para la efectividad de las Alertas y Avisos de los ciclones tropicales.<\/p>\n\n\n\n<p class=\"wp-block-paragraph\">\u00a0En el mismo evento la se\u00f1ora Anne-Claire Fontan, responsable cient\u00edfica de la OMM, present\u00f3 algunas decisiones \u00a0de la instituci\u00f3n que est\u00e1n promoviendo \u00a0\u00a0las \u00a0iniciativas sobre Alerta Tempranas para Todos, un Grupo Consultivo sobre Ciclones Tropicales, que ha discutido en profundidad las competencias de los pronosticadores de Ciclones Tropicales, los cursos de formaci\u00f3n y el Taller Internacional sobre el An\u00e1lisis Satelital.<\/p>\n\n\n\n<p class=\"wp-block-paragraph\">&nbsp;Tambi\u00e9n&nbsp; se inform\u00f3&nbsp; del&nbsp; &nbsp;segundo Simposio Internacional de la Organizaci\u00f3n Meteorol\u00f3gica Mundial y la Organizaci\u00f3n Mar\u00edtima Internacional y el Protocolo de Alerta Com\u00fan (CAP, por sus siglas en ingles).<\/p>\n\n\n\n<p class=\"wp-block-paragraph\">&nbsp;El especialista del Centro Nacional de Huracanes de los Estados Unidos&nbsp; &nbsp;(NHC), Cody Fritz, present\u00f3 los avances sobre los proyectos de mareas de tormentas, destacando el nuevo Visor Internacional de Marea de Tormenta y la celebraci\u00f3n de un nuevo curso sobre Mareas de Tormentas en ingl\u00e9s para la Regional IV, que se impartir\u00e1 este a\u00f1o en Barbados.<\/p>\n\n\n\n<p class=\"wp-block-paragraph\">&nbsp;El se\u00f1or Hiram Escabi habl\u00f3 sobre &nbsp;Red de Estaciones de Radio Sondas, integradas por 10 en&nbsp; la regi\u00f3n,&nbsp;&nbsp; comentando &nbsp;que se hicieron los sondeos especiales durante la temporada de huracanes, y tambi\u00e9n agreg\u00f3 que todas est\u00e1n listas para &nbsp;&nbsp;transmitir &nbsp;&nbsp;en formato BUFR, y as\u00ed cumplir con las exigencias de la nueva visi\u00f3n de la Red Global B\u00e1sica de Observaciones (GBON, por sus siglas en ingl\u00e9s).<\/p>\n\n\n\n<p class=\"wp-block-paragraph\">&nbsp;La representante del Instituto de Meteorolog\u00eda e Hidrolog\u00eda del Caribe, &nbsp;Kathy -Ann Caesar &nbsp;habl\u00f3 sobre las actividades de formaci\u00f3n, anunciando la aprobaci\u00f3n del Marco de Competencias para la Predicci\u00f3n de Ciclones Tropicales, as\u00ed como los distintos talleres y formaciones realizados a lo largo del a\u00f1o 2023. Tambi\u00e9n se\u00f1al\u00f3 que se llevar\u00e1 a cabo un an\u00e1lisis de las competencias del Marco de Competencias para la predicci\u00f3n de Ciclones Tropicales con el Paquete de Instrucci\u00f3n B\u00e1sica para meteor\u00f3logos (PIB-M), de la OMM y los programas de formaci\u00f3n existentes.<\/p>\n\n\n\n<p class=\"wp-block-paragraph\">&nbsp;Otro punto a destacar fue la participaci\u00f3n del se\u00f1or Federico G\u00f3mez Delgado, de la Oficina Regional para Norteam\u00e9rica, Centroam\u00e9rica y el Caribe, el cual present\u00f3 la nueva modalidad de revisi\u00f3n del Plan T\u00e9cnico de Huracanes mediante un sistema inform\u00e1tico comunitario, en el cual se podr\u00e1 actualizar en el momento que los miembros lo consideren, pero se solicitar\u00e1 m\u00e1s adelante un punto focal, para que tenga la autorizaci\u00f3n de acceso a la Plataforma Comunitaria.<\/p>\n\n\n\n<p class=\"wp-block-paragraph\">&nbsp;El ingeniero Campusano inform\u00f3 que en la reuni\u00f3n se celebraron dos paneles &nbsp;para los participantes y la regi\u00f3n, uno sobre los Oc\u00e9anos y las Observaciones, y el otro sobre Iniciativas de Alertas Tempranas para Todos, en las cuales hubo bastante interacci\u00f3n de los miembros, donde se exigi\u00f3 que esto quedara reflejado dentro del informe final, y que sean temas de discusi\u00f3n en las siguientes reuniones,<\/p>\n\n\n\n<p class=\"wp-block-paragraph\">&nbsp;Por \u00faltimo se &nbsp;presentaron tambi\u00e9n diferentes conferencias cient\u00edficas como:Utilizaci\u00f3n de Datos de Aeronaves en los modelos de huracanes, Inteligencia Artificial para la Predicci\u00f3n de Ciclones Tropicales y Huracanes del Atl\u00e1ntico y el Cambio Clim\u00e1tico.<\/p>\n","protected":false},"excerpt":{"rendered":"<p>La Oficina Nacional de Meteorolog\u00eda (ONAMET) comunic\u00f3 &nbsp;en la &nbsp;reuni\u00f3n del Comit\u00e9 de Huracanes de&hellip;<\/p>\n","protected":false},"author":2,"featured_media":64250,"comment_status":"open","ping_status":"open","sticky":false,"template":"","format":"standard","meta":{"footnotes":""},"categories":[55],"tags":[],"class_list":["post-72567","post","type-post","status-publish","format-standard","has-post-thumbnail","hentry","category-nacionales"],"_links":{"self":[{"href":"https:\/\/eldiarioantillano.com\/uno\/wp-json\/wp\/v2\/posts\/72567","targetHints":{"allow":["GET"]}}],"collection":[{"href":"https:\/\/eldiarioantillano.com\/uno\/wp-json\/wp\/v2\/posts"}],"about":[{"href":"https:\/\/eldiarioantillano.com\/uno\/wp-json\/wp\/v2\/types\/post"}],"author":[{"embeddable":true,"href":"https:\/\/eldiarioantillano.com\/uno\/wp-json\/wp\/v2\/users\/2"}],"replies":[{"embeddable":true,"href":"https:\/\/eldiarioantillano.com\/uno\/wp-json\/wp\/v2\/comments?post=72567"}],"version-history":[{"count":1,"href":"https:\/\/eldiarioantillano.com\/uno\/wp-json\/wp\/v2\/posts\/72567\/revisions"}],"predecessor-version":[{"id":72568,"href":"https:\/\/eldiarioantillano.com\/uno\/wp-json\/wp\/v2\/posts\/72567\/revisions\/72568"}],"wp:featuredmedia":[{"embeddable":true,"href":"https:\/\/eldiarioantillano.com\/uno\/wp-json\/wp\/v2\/media\/64250"}],"wp:attachment":[{"href":"https:\/\/eldiarioantillano.com\/uno\/wp-json\/wp\/v2\/media?parent=72567"}],"wp:term":[{"taxonomy":"category","embeddable":true,"href":"https:\/\/eldiarioantillano.com\/uno\/wp-json\/wp\/v2\/categories?post=72567"},{"taxonomy":"post_tag","embeddable":true,"href":"https:\/\/eldiarioantillano.com\/uno\/wp-json\/wp\/v2\/tags?post=72567"}],"curies":[{"name":"wp","href":"https:\/\/api.w.org\/{rel}","templated":true}]}}