{"id":72482,"date":"2025-04-08T01:09:41","date_gmt":"2025-04-08T05:09:41","guid":{"rendered":"https:\/\/eldiarioantillano.com\/uno\/?p=72482"},"modified":"2025-04-08T01:09:42","modified_gmt":"2025-04-08T05:09:42","slug":"agenda-mediatica-en-eeuu-aranceles-de-trump-locura-en-la-bolsa","status":"publish","type":"post","link":"https:\/\/eldiarioantillano.com\/uno\/2025\/04\/08\/agenda-mediatica-en-eeuu-aranceles-de-trump-locura-en-la-bolsa\/","title":{"rendered":"Agenda medi\u00e1tica en EEUU: Aranceles de Trump, locura en la bolsa"},"content":{"rendered":"\n<p>Washington, (Prensa Latina) Una agenda noticiosa semanal tumultuosa inicia hoy marcada en Estados Unidos por el anuncio del presidente Donald Trump de aranceles rec\u00edprocos masivos que provocaron los peores desplomes en la bolsa de valores desde 2020.<\/p>\n\n\n\n<p>Todos los medios de prensa mantienen desde la semana pasada en sus espacios un tema que a\u00fan tiene tela por donde cortar. El mandatario republicano, pese a las reacciones negativas de sus medidas afirma que \u201cva muy bien\u201d.<\/p>\n\n\n\n<p>Trump, popularmente hablando, dio con la \u201chebilla del cinto\u201d con un arancel universal de 10 por ciento sobre todas las importaciones estadounidenses y aranceles \u00abrec\u00edprocos\u00bb sobre casi 90 pa\u00edses, incluidos importantes socios comerciales.<\/p>\n\n\n\n<p>Muy criticada ha sido la metodolog\u00eda detr\u00e1s del intento de Trump de reequilibrar el comercio, lo cual no tiene nada que ver con los aranceles que otros pa\u00edses imponen a esta naci\u00f3n de Norteam\u00e9rica, opinan algunos reportes.<\/p>\n\n\n\n<p>CBS News dijo que los mercados financieros cerraron con un fuerte impacto este viernes 4 de abril, poniendo fin a una convulsa semana con las acciones desplom\u00e1ndose por segundo d\u00eda consecutivo debido a la preocupaci\u00f3n por las consecuencias econ\u00f3micas de los reci\u00e9n impuestos aranceles estadounidenses y la posibilidad de una guerra comercial global.<\/p>\n\n\n\n<p>El anuncio del presidente Trump sobre fuertes aranceles -coment\u00f3 la cadena de noticias- conmocion\u00f3 a los inversores e hizo que los economistas revisaran a la baja sus previsiones de crecimiento econ\u00f3mico estadounidense.<\/p>\n\n\n\n<p>El presidente est\u00e1 tomando medidas dr\u00e1sticas para abordar una letan\u00eda de agravios, utilizando el d\u00e9ficit comercial que otros pa\u00edses tienen con Estados Unidos como chivo expiatorio, coment\u00f3 un art\u00edculo de CNN.<\/p>\n\n\n\n<p>Mientras La Opini\u00f3n cit\u00f3 el primer informe de proyecciones de 2025 de Citi Research, el cual advirti\u00f3 que la incertidumbre mundial ante los aranceles anunciados por Trump, afectar\u00e1 de alguna forma a todos los pa\u00edses latinoamericanos.<\/p>\n\n\n\n<p>Un material en The New York Times se\u00f1ala que solo los nuevos aranceles automotrices de Trump, que entraron en vigor el jueves, aumentar\u00e1n los precios de los carros en un 13,5 por ciento.<\/p>\n\n\n\n<p>El presidente de la Reserva Federal, Jerome Powell, alert\u00f3 que las tarifas probablemente afectar\u00e1n la econom\u00eda. \u00abSi bien la incertidumbre sigue siendo alta, ahora es evidente que los aumentos arancelarios ser\u00e1n significativamente mayores de lo previsto\u00bb, acot\u00f3 ayer en un discurso en Arlington, Virginia.<\/p>\n\n\n\n<p>\u00abEs probable que ocurra lo mismo con los efectos econ\u00f3micos, que incluir\u00e1n una mayor inflaci\u00f3n y un crecimiento m\u00e1s lento\u00bb, estim\u00f3.<\/p>\n\n\n\n<p>Otros t\u00f3picos destacados son las reacciones a las medidas migratorias de la administraci\u00f3n Trump. Una jueza federal de Maryland orden\u00f3 la v\u00edspera la devoluci\u00f3n a Estados Unidos del migrante hispano y sin antecedentes penales Kilmar Abrego Garc\u00eda deportado por un \u201cerror administrativo\u201d a una megaprisi\u00f3n para terroristas en El Salvador.<\/p>\n\n\n\n<p>arc\/dfm<\/p>\n","protected":false},"excerpt":{"rendered":"<p>Washington, (Prensa Latina) Una agenda noticiosa semanal tumultuosa inicia hoy marcada en Estados Unidos por&hellip;<\/p>\n","protected":false},"author":2,"featured_media":68732,"comment_status":"open","ping_status":"open","sticky":false,"template":"","format":"standard","meta":{"footnotes":""},"categories":[52,53],"tags":[],"class_list":["post-72482","post","type-post","status-publish","format-standard","has-post-thumbnail","hentry","category-internacionales","category-prensa-latina"],"_links":{"self":[{"href":"https:\/\/eldiarioantillano.com\/uno\/wp-json\/wp\/v2\/posts\/72482","targetHints":{"allow":["GET"]}}],"collection":[{"href":"https:\/\/eldiarioantillano.com\/uno\/wp-json\/wp\/v2\/posts"}],"about":[{"href":"https:\/\/eldiarioantillano.com\/uno\/wp-json\/wp\/v2\/types\/post"}],"author":[{"embeddable":true,"href":"https:\/\/eldiarioantillano.com\/uno\/wp-json\/wp\/v2\/users\/2"}],"replies":[{"embeddable":true,"href":"https:\/\/eldiarioantillano.com\/uno\/wp-json\/wp\/v2\/comments?post=72482"}],"version-history":[{"count":1,"href":"https:\/\/eldiarioantillano.com\/uno\/wp-json\/wp\/v2\/posts\/72482\/revisions"}],"predecessor-version":[{"id":72483,"href":"https:\/\/eldiarioantillano.com\/uno\/wp-json\/wp\/v2\/posts\/72482\/revisions\/72483"}],"wp:featuredmedia":[{"embeddable":true,"href":"https:\/\/eldiarioantillano.com\/uno\/wp-json\/wp\/v2\/media\/68732"}],"wp:attachment":[{"href":"https:\/\/eldiarioantillano.com\/uno\/wp-json\/wp\/v2\/media?parent=72482"}],"wp:term":[{"taxonomy":"category","embeddable":true,"href":"https:\/\/eldiarioantillano.com\/uno\/wp-json\/wp\/v2\/categories?post=72482"},{"taxonomy":"post_tag","embeddable":true,"href":"https:\/\/eldiarioantillano.com\/uno\/wp-json\/wp\/v2\/tags?post=72482"}],"curies":[{"name":"wp","href":"https:\/\/api.w.org\/{rel}","templated":true}]}}