{"id":72477,"date":"2025-04-08T01:05:49","date_gmt":"2025-04-08T05:05:49","guid":{"rendered":"https:\/\/eldiarioantillano.com\/uno\/?p=72477"},"modified":"2025-04-08T01:05:50","modified_gmt":"2025-04-08T05:05:50","slug":"peledeistas-recuerdan-a-tito-bejaran-en-asamblea-celebrada-en-montecristi","status":"publish","type":"post","link":"https:\/\/eldiarioantillano.com\/uno\/2025\/04\/08\/peledeistas-recuerdan-a-tito-bejaran-en-asamblea-celebrada-en-montecristi\/","title":{"rendered":"Pelede\u00edstas recuerdan a Tito Bejar\u00e1n en asamblea celebrada en Montecristi"},"content":{"rendered":"\n<p>Tito Bejar\u00e1n fue diputado y tambi\u00e9n funcionario en los gobiernos del Partido de la Liberaci\u00f3n Dominicana. En este encuentro provincial estuvo presente el expresidente Danilo Medina.\u00a0<\/p>\n\n\n\n<figure class=\"wp-block-embed is-type-video is-provider-youtube wp-block-embed-youtube wp-embed-aspect-16-9 wp-has-aspect-ratio\"><div class=\"wp-block-embed__wrapper\">\n<iframe title=\"Pelede\u00edstas recuerdan a Tito Bejar\u00e1n en asamblea celebrada en Montecristi\" width=\"1170\" height=\"658\" src=\"https:\/\/www.youtube.com\/embed\/Mk2T98cDmT0?feature=oembed\" frameborder=\"0\" allow=\"accelerometer; autoplay; clipboard-write; encrypted-media; gyroscope; picture-in-picture; web-share\" referrerpolicy=\"strict-origin-when-cross-origin\" allowfullscreen><\/iframe>\n<\/div><figcaption class=\"wp-element-caption\">Momento en que la militancia del Partido de la Liberaci\u00f3n Dominicana irrumpe en aplausos como homenaje <br>a Tito Bejar\u00e1n durante su asamblea en la provincia Montecristi.<\/figcaption><\/figure>\n\n\n\n<p><\/p>\n","protected":false},"excerpt":{"rendered":"<p>Tito Bejar\u00e1n fue diputado y tambi\u00e9n funcionario en los gobiernos del Partido de la Liberaci\u00f3n&hellip;<\/p>\n","protected":false},"author":2,"featured_media":72478,"comment_status":"open","ping_status":"open","sticky":false,"template":"","format":"standard","meta":{"footnotes":""},"categories":[57],"tags":[],"class_list":["post-72477","post","type-post","status-publish","format-standard","has-post-thumbnail","hentry","category-montecristi"],"_links":{"self":[{"href":"https:\/\/eldiarioantillano.com\/uno\/wp-json\/wp\/v2\/posts\/72477","targetHints":{"allow":["GET"]}}],"collection":[{"href":"https:\/\/eldiarioantillano.com\/uno\/wp-json\/wp\/v2\/posts"}],"about":[{"href":"https:\/\/eldiarioantillano.com\/uno\/wp-json\/wp\/v2\/types\/post"}],"author":[{"embeddable":true,"href":"https:\/\/eldiarioantillano.com\/uno\/wp-json\/wp\/v2\/users\/2"}],"replies":[{"embeddable":true,"href":"https:\/\/eldiarioantillano.com\/uno\/wp-json\/wp\/v2\/comments?post=72477"}],"version-history":[{"count":1,"href":"https:\/\/eldiarioantillano.com\/uno\/wp-json\/wp\/v2\/posts\/72477\/revisions"}],"predecessor-version":[{"id":72479,"href":"https:\/\/eldiarioantillano.com\/uno\/wp-json\/wp\/v2\/posts\/72477\/revisions\/72479"}],"wp:featuredmedia":[{"embeddable":true,"href":"https:\/\/eldiarioantillano.com\/uno\/wp-json\/wp\/v2\/media\/72478"}],"wp:attachment":[{"href":"https:\/\/eldiarioantillano.com\/uno\/wp-json\/wp\/v2\/media?parent=72477"}],"wp:term":[{"taxonomy":"category","embeddable":true,"href":"https:\/\/eldiarioantillano.com\/uno\/wp-json\/wp\/v2\/categories?post=72477"},{"taxonomy":"post_tag","embeddable":true,"href":"https:\/\/eldiarioantillano.com\/uno\/wp-json\/wp\/v2\/tags?post=72477"}],"curies":[{"name":"wp","href":"https:\/\/api.w.org\/{rel}","templated":true}]}}