{"id":72415,"date":"2025-04-02T01:13:09","date_gmt":"2025-04-02T05:13:09","guid":{"rendered":"https:\/\/eldiarioantillano.com\/uno\/?p=72415"},"modified":"2025-04-04T01:15:05","modified_gmt":"2025-04-04T05:15:05","slug":"israel-bombardea-la-capital-siria","status":"publish","type":"post","link":"https:\/\/eldiarioantillano.com\/uno\/2025\/04\/02\/israel-bombardea-la-capital-siria\/","title":{"rendered":"Israel bombardea la capital siria"},"content":{"rendered":"\n<p>Damasco, 2 abr (Prensa Latina) Fuertes explosiones sacudieron a esta capital, por bombardeos a\u00e9reos israel\u00edes, constat\u00f3 Prensa Latina.<\/p>\n\n\n\n<p>Los residentes sintieron el sonido de la aviaci\u00f3n b\u00e9lica sionista que lanz\u00f3 incursiones contra las instalaciones del Centro de Investigaci\u00f3n Cient\u00edfica ubicadas en el municipio capitalino de Barzeh.<\/p>\n\n\n\n<p>Columnas de humo se observaron elev\u00e1ndose del lugar, en medio de reportes iniciales sobre v\u00edctimas y da\u00f1os materiales en el lugar atacado.<\/p>\n\n\n\n<p>Recientemente, cazas israel\u00edes atacaron los aeropuertos militares de Palmira y T4, en el este de la provincia de Homs, donde fueron destruidas capacidades militares no afectadas por un bombardeo anterior.<\/p>\n\n\n\n<p>Asimismo, al menos seis civiles perdieron la vida por intensos bombardeos contra la aldea de Koya, ubicada en la regi\u00f3n de la Cuenca de Yarmouk, en el extremo sudoeste de Siria, a unos 100 kil\u00f3metros al sur de esta capital.<\/p>\n\n\n\n<p>Durante las \u00faltimas semanas, hubo una notable escalada israel\u00ed en el sur de Siria, con cientos de ataques a varios sitios, mientras tropas de Tel Aviv ocuparon la zona de amortiguaci\u00f3n y varios sitios estrat\u00e9gicos, incluida la cima del Monte Herm\u00f3n.<\/p>\n\n\n\n<p>arc \/fm<\/p>\n","protected":false},"excerpt":{"rendered":"<p>Damasco, 2 abr (Prensa Latina) Fuertes explosiones sacudieron a esta capital, por bombardeos a\u00e9reos israel\u00edes,&hellip;<\/p>\n","protected":false},"author":2,"featured_media":72417,"comment_status":"open","ping_status":"open","sticky":false,"template":"","format":"standard","meta":{"footnotes":""},"categories":[52,53],"tags":[],"class_list":["post-72415","post","type-post","status-publish","format-standard","has-post-thumbnail","hentry","category-internacionales","category-prensa-latina"],"_links":{"self":[{"href":"https:\/\/eldiarioantillano.com\/uno\/wp-json\/wp\/v2\/posts\/72415","targetHints":{"allow":["GET"]}}],"collection":[{"href":"https:\/\/eldiarioantillano.com\/uno\/wp-json\/wp\/v2\/posts"}],"about":[{"href":"https:\/\/eldiarioantillano.com\/uno\/wp-json\/wp\/v2\/types\/post"}],"author":[{"embeddable":true,"href":"https:\/\/eldiarioantillano.com\/uno\/wp-json\/wp\/v2\/users\/2"}],"replies":[{"embeddable":true,"href":"https:\/\/eldiarioantillano.com\/uno\/wp-json\/wp\/v2\/comments?post=72415"}],"version-history":[{"count":1,"href":"https:\/\/eldiarioantillano.com\/uno\/wp-json\/wp\/v2\/posts\/72415\/revisions"}],"predecessor-version":[{"id":72418,"href":"https:\/\/eldiarioantillano.com\/uno\/wp-json\/wp\/v2\/posts\/72415\/revisions\/72418"}],"wp:featuredmedia":[{"embeddable":true,"href":"https:\/\/eldiarioantillano.com\/uno\/wp-json\/wp\/v2\/media\/72417"}],"wp:attachment":[{"href":"https:\/\/eldiarioantillano.com\/uno\/wp-json\/wp\/v2\/media?parent=72415"}],"wp:term":[{"taxonomy":"category","embeddable":true,"href":"https:\/\/eldiarioantillano.com\/uno\/wp-json\/wp\/v2\/categories?post=72415"},{"taxonomy":"post_tag","embeddable":true,"href":"https:\/\/eldiarioantillano.com\/uno\/wp-json\/wp\/v2\/tags?post=72415"}],"curies":[{"name":"wp","href":"https:\/\/api.w.org\/{rel}","templated":true}]}}