{"id":72391,"date":"2025-04-02T11:23:47","date_gmt":"2025-04-02T15:23:47","guid":{"rendered":"https:\/\/eldiarioantillano.com\/uno\/?p=72391"},"modified":"2025-04-02T11:23:50","modified_gmt":"2025-04-02T15:23:50","slug":"reinauguran-hospital-ntra-senora-de-regla-senador-solicita-tomografo-al-presidente","status":"publish","type":"post","link":"https:\/\/eldiarioantillano.com\/uno\/2025\/04\/02\/reinauguran-hospital-ntra-senora-de-regla-senador-solicita-tomografo-al-presidente\/","title":{"rendered":"Reinauguran hospital Ntra. Se\u00f1ora de Regla; senador solicita tom\u00f3grafo al presidente"},"content":{"rendered":"\n<p>El mandatario Luis Abinader corta la cinta para dejar en funcionamiento el remozado hospital Nuestra Se\u00f1ora de Regla en Ban\u00ed. Le acompa\u00f1an, entre otros funcionarios, el senador Julito Fulcar, quien solicit\u00f3 un tom\u00f3grafo para el centro de salud.\u00a0<\/p>\n\n\n\n<figure class=\"wp-block-embed is-type-video is-provider-youtube wp-block-embed-youtube wp-embed-aspect-16-9 wp-has-aspect-ratio\"><div class=\"wp-block-embed__wrapper\">\n<iframe title=\"Senador Julito Fulcar agradece a Luis Abinader por remozamiento de hospital en Ban\u00ed\" width=\"1170\" height=\"658\" src=\"https:\/\/www.youtube.com\/embed\/EmL58nyM3KQ?feature=oembed\" frameborder=\"0\" allow=\"accelerometer; autoplay; clipboard-write; encrypted-media; gyroscope; picture-in-picture; web-share\" referrerpolicy=\"strict-origin-when-cross-origin\" allowfullscreen><\/iframe>\n<\/div><figcaption class=\"wp-element-caption\">Durante el mismo acto se pronunci\u00f3 el senador de la provincia Peravia, Julito Fulcar, agradeciendo <br>la obra a la Presidencia y solicitando un tom\u00e1grafo para el centro hospitalario.<\/figcaption><\/figure>\n","protected":false},"excerpt":{"rendered":"<p>El mandatario Luis Abinader corta la cinta para dejar en funcionamiento el remozado hospital Nuestra&hellip;<\/p>\n","protected":false},"author":2,"featured_media":72392,"comment_status":"open","ping_status":"open","sticky":false,"template":"","format":"standard","meta":{"footnotes":""},"categories":[55],"tags":[],"class_list":["post-72391","post","type-post","status-publish","format-standard","has-post-thumbnail","hentry","category-nacionales"],"_links":{"self":[{"href":"https:\/\/eldiarioantillano.com\/uno\/wp-json\/wp\/v2\/posts\/72391","targetHints":{"allow":["GET"]}}],"collection":[{"href":"https:\/\/eldiarioantillano.com\/uno\/wp-json\/wp\/v2\/posts"}],"about":[{"href":"https:\/\/eldiarioantillano.com\/uno\/wp-json\/wp\/v2\/types\/post"}],"author":[{"embeddable":true,"href":"https:\/\/eldiarioantillano.com\/uno\/wp-json\/wp\/v2\/users\/2"}],"replies":[{"embeddable":true,"href":"https:\/\/eldiarioantillano.com\/uno\/wp-json\/wp\/v2\/comments?post=72391"}],"version-history":[{"count":1,"href":"https:\/\/eldiarioantillano.com\/uno\/wp-json\/wp\/v2\/posts\/72391\/revisions"}],"predecessor-version":[{"id":72394,"href":"https:\/\/eldiarioantillano.com\/uno\/wp-json\/wp\/v2\/posts\/72391\/revisions\/72394"}],"wp:featuredmedia":[{"embeddable":true,"href":"https:\/\/eldiarioantillano.com\/uno\/wp-json\/wp\/v2\/media\/72392"}],"wp:attachment":[{"href":"https:\/\/eldiarioantillano.com\/uno\/wp-json\/wp\/v2\/media?parent=72391"}],"wp:term":[{"taxonomy":"category","embeddable":true,"href":"https:\/\/eldiarioantillano.com\/uno\/wp-json\/wp\/v2\/categories?post=72391"},{"taxonomy":"post_tag","embeddable":true,"href":"https:\/\/eldiarioantillano.com\/uno\/wp-json\/wp\/v2\/tags?post=72391"}],"curies":[{"name":"wp","href":"https:\/\/api.w.org\/{rel}","templated":true}]}}