{"id":72389,"date":"2025-04-02T00:43:07","date_gmt":"2025-04-02T04:43:07","guid":{"rendered":"https:\/\/eldiarioantillano.com\/uno\/?p=72389"},"modified":"2025-04-02T00:43:08","modified_gmt":"2025-04-02T04:43:08","slug":"primavera-oscura-para-la-prensa-haitiana","status":"publish","type":"post","link":"https:\/\/eldiarioantillano.com\/uno\/2025\/04\/02\/primavera-oscura-para-la-prensa-haitiana\/","title":{"rendered":"Primavera oscura para la prensa haitiana"},"content":{"rendered":"\n<p>Por Joel Michel Varona<br>Corresponsal jefe de Prensa Latina en Hait\u00ed<\/p>\n\n\n\n<p>Puerto Pr\u00edncipe (Prensa Latina) La prensa haitiana tuvo un oscuro comienzo primaveral al perder tres medios informativos que fueron vandalizados e incendiados por los pandilleros, lo cual interrumpi\u00f3 el flujo noticioso sobre el convulso acontecer en la llamada Perla de las Antillas.<\/p>\n\n\n\n<p>El miedo en el gremio period\u00edstico persiste, de ah\u00ed que la Red Nacional para la Defensa de los Derechos Humanos de Hait\u00ed expresara su preocupaci\u00f3n por el peligro que corre todo el sector ante la furia de los grupos armados.<\/p>\n\n\n\n<p>Finalizando la primera quincena de marzo, los malhechores bien armados arremetieron contra Tele Pluriel, y como ya establece su pr\u00e1ctica delictiva atacaron el recinto, lo vandalizaron y saquearon; para cerrar el fat\u00eddico episodio le prendieron fuego y provocaron p\u00e9rdidas significativas.<\/p>\n\n\n\n<p>Id\u00e9ntica suerte corri\u00f3 Radio Televisi\u00f3n Caribe, la radiotelevisora m\u00e1s antigua de Puerto Pr\u00edncipe, que cumplir\u00eda 76 a\u00f1os en junio pr\u00f3ximo.<\/p>\n\n\n\n<p>Los empleados quedaron en estado de shock, pues no se trata solo de Radio Televisi\u00f3n Caribe, es el espacio en su conjunto, que constituye un patrimonio con una dimensi\u00f3n simb\u00f3lica.<\/p>\n\n\n\n<p>Fundada en 1949, est\u00e1 consolidada como uno de los \u00f3rganos de prensa m\u00e1s seguidos por los haitianos. El ataque represent\u00f3 otra afrenta contra los medios informativos, una amenaza adicional, y prueba que las pandillas no van a detenerse en su ofensiva en la capital y zonas aleda\u00f1as.<\/p>\n\n\n\n<p>Las bandas criminales tambi\u00e9n saquearon y vandalizaron las instalaciones de Radio M\u00e9lodie FM, ubicadas en la calle Capois en Puerto Pr\u00edncipe. Durante su incursi\u00f3n rompieron varias ventanas, da\u00f1aron puertas, equipos de trabajo y destruyeron las paredes de la fachada principal del edificio.<\/p>\n\n\n\n<p>La Asociaci\u00f3n Nacional de Medios de Comunicaci\u00f3n de Hait\u00ed dijo estar at\u00f3nita por estas noticias y calific\u00f3 de infame esas fechor\u00edas, que reafirman la continuidad del caos generado por los bandidos, y consider\u00f3 que cuando esto ocurre son las memorias y la historia de una naci\u00f3n que se pierden.<\/p>\n\n\n\n<p>Frantz Duval, redactor jefe del diario Le Nouvelliste, denunci\u00f3 que el actuar de las pandillas impide el libre movimiento de la prensa. Es muy dif\u00edcil moverse en Puerto Pr\u00edncipe, los reporteros que todav\u00eda siguen trabajando se ven limitados a zonas cada vez m\u00e1s restringidas.<\/p>\n\n\n\n<p>Esto significa que hay menos im\u00e1genes, noticias y reportajes de los lugares de los enfrentamientos violentos, pues los periodistas ya no se aventuran a ir all\u00ed, enfatiz\u00f3 Duval.<\/p>\n\n\n\n<p>Record\u00f3 que el local de Le Nouvelliste fue vandalizado en marzo de 2024, y los redactores salieron ilesos porque ya hab\u00edan abandonado el recinto, pero no pudieron llevarse las prensas ni los archivos.<\/p>\n\n\n\n<p>No pudimos volver, y cuando lo hicimos no quedaba casi nada, esto significa que ahora somos un \u00f3rgano de noticias solo en l\u00ednea, coment\u00f3 Duval.<\/p>\n\n\n\n<p>SITUACI\u00d3N ALARMANTE<\/p>\n\n\n\n<p>El jefe de la oficina de la Organizaci\u00f3n de las Naciones Unidas para la Educaci\u00f3n, la Ciencia y la Cultura (Unesco) en Hait\u00ed, Eric Voli, calific\u00f3 la situaci\u00f3n de alarmante, y advirti\u00f3 que los ataques contra los medios de comunicaci\u00f3n tienen como objetivo intimidarlos y poner fin a su misi\u00f3n esencial de informar al p\u00fablico.<\/p>\n\n\n\n<p>Por tal motivo, la Unesco pidi\u00f3 que se adopten medidas inmediatas para garantizar la seguridad de los periodistas, proteger sus instalaciones y crear un entorno seguro para el libre ejercicio de la prensa.<\/p>\n\n\n\n<p>El acceso a la informaci\u00f3n fiable puede ser una cuesti\u00f3n de vida o muerte en Hait\u00ed, pues as\u00ed es posible ayudar a las personas a identificar zonas seguras, evitar peligros y tomar las decisiones correctas para protegerse a s\u00ed mismos y a sus familias.<\/p>\n\n\n\n<p>Los grupos armados est\u00e1n tratando de aislar a la poblaci\u00f3n y sembrar el caos en el pa\u00eds al atacar a los medios de comunicaci\u00f3n, y en este contexto la libertad de prensa es esencial para garantizar el derecho a la informaci\u00f3n y asegurar la transparencia en la sociedad.<\/p>\n\n\n\n<p>Tambi\u00e9n es una plataforma para diversas voces, un elemento clave a fin de garantizar la transparencia. En un pa\u00eds marcado por la violencia y la inestabilidad, conocer la verdad puede ser incre\u00edblemente beneficioso, sentenci\u00f3 el funcionario de la Unesco.<\/p>\n\n\n\n<p>Esta oscura primavera la antecede el luto y el dolor en Hait\u00ed, porque a\u00fan familiares y amigos esperan que se haga justicia por la muerte de dos periodistas el 24 de diciembre a consecuencia de un ataque pandillero, en el que siete reporteros tambi\u00e9n resultaron gravemente heridos.<\/p>\n\n\n\n<p>El hecho ocurri\u00f3 en las cercan\u00edas del Hospital General, el centro asistencial m\u00e1s grande del pa\u00eds, cuando se esperaba su reapertura con la presencia del exministro de Salud P\u00fablica y Poblaci\u00f3n, Duckenson Lorth\u00e9.<\/p>\n\n\n\n<p>Hait\u00ed afronta el riesgo de convertirse en una zona de silencio medi\u00e1tico, a causa de los ataques a la prensa y a las trabas que hoy impiden a los periodistas realizar su trabajo.<\/p>\n\n\n\n<p>Tal situaci\u00f3n trae graves consecuencias para el acceso a la informaci\u00f3n de la ciudadan\u00eda y del mundo.<\/p>\n\n\n\n<p>De acuerdo con el diario digital Hait\u00ed Libre, los periodistas alarmados huyen, reducen su cobertura medi\u00e1tica o abandonan la profesi\u00f3n por completo.<\/p>\n\n\n\n<p>Desde enero de 2022 hasta ahora, 15 trabajadores de los medios de comunicaci\u00f3n fueron asesinados, otros sufrieron heridas y varios reporteros vivieron la amarga experiencia de ser secuestrados.<\/p>\n\n\n\n<p>Todos estos elementos convierten a Hait\u00ed en uno de los pa\u00edses m\u00e1s peligrosos del mundo para ejercer el periodismo.<\/p>\n\n\n\n<p>Seg\u00fan una encuesta de la Organizaci\u00f3n de las Naciones Unidas para la Educaci\u00f3n, la Ciencia y la Cultura, divulgada por el rotativo haitiano, el 76 por ciento de los periodistas sufri\u00f3 amenazas relacionadas con su profesi\u00f3n y el 62 por ciento fue blanco de acoso verbal y en l\u00ednea.<\/p>\n\n\n\n<p>Detalla la pesquisa que el 30 por ciento fue v\u00edctima de amenazas f\u00edsicas y el 54 por ciento indic\u00f3 que el asedio tuvo impacto en su trabajo.<\/p>\n\n\n\n<p>arb\/joe<\/p>\n","protected":false},"excerpt":{"rendered":"<p>Por Joel Michel VaronaCorresponsal jefe de Prensa Latina en Hait\u00ed Puerto Pr\u00edncipe (Prensa Latina) La&hellip;<\/p>\n","protected":false},"author":2,"featured_media":72382,"comment_status":"open","ping_status":"open","sticky":false,"template":"","format":"standard","meta":{"footnotes":""},"categories":[52,53],"tags":[],"class_list":["post-72389","post","type-post","status-publish","format-standard","has-post-thumbnail","hentry","category-internacionales","category-prensa-latina"],"_links":{"self":[{"href":"https:\/\/eldiarioantillano.com\/uno\/wp-json\/wp\/v2\/posts\/72389","targetHints":{"allow":["GET"]}}],"collection":[{"href":"https:\/\/eldiarioantillano.com\/uno\/wp-json\/wp\/v2\/posts"}],"about":[{"href":"https:\/\/eldiarioantillano.com\/uno\/wp-json\/wp\/v2\/types\/post"}],"author":[{"embeddable":true,"href":"https:\/\/eldiarioantillano.com\/uno\/wp-json\/wp\/v2\/users\/2"}],"replies":[{"embeddable":true,"href":"https:\/\/eldiarioantillano.com\/uno\/wp-json\/wp\/v2\/comments?post=72389"}],"version-history":[{"count":1,"href":"https:\/\/eldiarioantillano.com\/uno\/wp-json\/wp\/v2\/posts\/72389\/revisions"}],"predecessor-version":[{"id":72390,"href":"https:\/\/eldiarioantillano.com\/uno\/wp-json\/wp\/v2\/posts\/72389\/revisions\/72390"}],"wp:featuredmedia":[{"embeddable":true,"href":"https:\/\/eldiarioantillano.com\/uno\/wp-json\/wp\/v2\/media\/72382"}],"wp:attachment":[{"href":"https:\/\/eldiarioantillano.com\/uno\/wp-json\/wp\/v2\/media?parent=72389"}],"wp:term":[{"taxonomy":"category","embeddable":true,"href":"https:\/\/eldiarioantillano.com\/uno\/wp-json\/wp\/v2\/categories?post=72389"},{"taxonomy":"post_tag","embeddable":true,"href":"https:\/\/eldiarioantillano.com\/uno\/wp-json\/wp\/v2\/tags?post=72389"}],"curies":[{"name":"wp","href":"https:\/\/api.w.org\/{rel}","templated":true}]}}