{"id":72385,"date":"2025-04-02T00:39:04","date_gmt":"2025-04-02T04:39:04","guid":{"rendered":"https:\/\/eldiarioantillano.com\/uno\/?p=72385"},"modified":"2025-04-02T11:23:09","modified_gmt":"2025-04-02T15:23:09","slug":"realizan-acto-de-homenaje-postumo-al-poeta-felix-garcia","status":"publish","type":"post","link":"https:\/\/eldiarioantillano.com\/uno\/2025\/04\/02\/realizan-acto-de-homenaje-postumo-al-poeta-felix-garcia\/","title":{"rendered":"Realizan acto de homenaje p\u00f3stumo al poeta F\u00e9lix Garc\u00eda"},"content":{"rendered":"\n<figure class=\"wp-block-embed is-type-video is-provider-youtube wp-block-embed-youtube wp-embed-aspect-16-9 wp-has-aspect-ratio\"><div class=\"wp-block-embed__wrapper\">\n<iframe title=\"Realizan acto de homenaje p\u00f3stumo al poeta F\u00e9lix Garc\u00eda\" width=\"1170\" height=\"658\" src=\"https:\/\/www.youtube.com\/embed\/Ucp32udYT2U?feature=oembed\" frameborder=\"0\" allow=\"accelerometer; autoplay; clipboard-write; encrypted-media; gyroscope; picture-in-picture; web-share\" referrerpolicy=\"strict-origin-when-cross-origin\" allowfullscreen><\/iframe>\n<\/div><\/figure>\n\n\n\n<p>Las palabras centrales de la actividad estuvieron a cargo de la profesora Mar\u00eda Teresa Cabrera, expresidenta de la ADP y presidenta del Frente Amplio.\u00a0<\/p>\n\n\n\n<p><br><br><br><\/p>\n","protected":false},"excerpt":{"rendered":"<p>Las palabras centrales de la actividad estuvieron a cargo de la profesora Mar\u00eda Teresa Cabrera,&hellip;<\/p>\n","protected":false},"author":2,"featured_media":72393,"comment_status":"open","ping_status":"open","sticky":false,"template":"","format":"standard","meta":{"footnotes":""},"categories":[63,55],"tags":[],"class_list":["post-72385","post","type-post","status-publish","format-standard","has-post-thumbnail","hentry","category-cultura","category-nacionales"],"_links":{"self":[{"href":"https:\/\/eldiarioantillano.com\/uno\/wp-json\/wp\/v2\/posts\/72385","targetHints":{"allow":["GET"]}}],"collection":[{"href":"https:\/\/eldiarioantillano.com\/uno\/wp-json\/wp\/v2\/posts"}],"about":[{"href":"https:\/\/eldiarioantillano.com\/uno\/wp-json\/wp\/v2\/types\/post"}],"author":[{"embeddable":true,"href":"https:\/\/eldiarioantillano.com\/uno\/wp-json\/wp\/v2\/users\/2"}],"replies":[{"embeddable":true,"href":"https:\/\/eldiarioantillano.com\/uno\/wp-json\/wp\/v2\/comments?post=72385"}],"version-history":[{"count":1,"href":"https:\/\/eldiarioantillano.com\/uno\/wp-json\/wp\/v2\/posts\/72385\/revisions"}],"predecessor-version":[{"id":72386,"href":"https:\/\/eldiarioantillano.com\/uno\/wp-json\/wp\/v2\/posts\/72385\/revisions\/72386"}],"wp:featuredmedia":[{"embeddable":true,"href":"https:\/\/eldiarioantillano.com\/uno\/wp-json\/wp\/v2\/media\/72393"}],"wp:attachment":[{"href":"https:\/\/eldiarioantillano.com\/uno\/wp-json\/wp\/v2\/media?parent=72385"}],"wp:term":[{"taxonomy":"category","embeddable":true,"href":"https:\/\/eldiarioantillano.com\/uno\/wp-json\/wp\/v2\/categories?post=72385"},{"taxonomy":"post_tag","embeddable":true,"href":"https:\/\/eldiarioantillano.com\/uno\/wp-json\/wp\/v2\/tags?post=72385"}],"curies":[{"name":"wp","href":"https:\/\/api.w.org\/{rel}","templated":true}]}}