{"id":72380,"date":"2025-04-02T00:33:14","date_gmt":"2025-04-02T04:33:14","guid":{"rendered":"https:\/\/eldiarioantillano.com\/uno\/?p=72380"},"modified":"2025-04-02T00:33:15","modified_gmt":"2025-04-02T04:33:15","slug":"ministro-joel-santos-anuncia-la-instalacion-de-600-lamparas-para-el-alumbrado-publico-de-montecristi","status":"publish","type":"post","link":"https:\/\/eldiarioantillano.com\/uno\/2025\/04\/02\/ministro-joel-santos-anuncia-la-instalacion-de-600-lamparas-para-el-alumbrado-publico-de-montecristi\/","title":{"rendered":"Ministro Joel Santos anuncia la instalaci\u00f3n de 600 l\u00e1mparas para el alumbrado p\u00fablico de Montecristi"},"content":{"rendered":"\n<p>Montecristi.-\u00a0El Ministro de Energ\u00eda y Minas, Joel Santos, anunci\u00f3 la instalaci\u00f3n de 600 l\u00e1mparas para el alumbrado p\u00fablico de la provincia de Montecristi, como parte de los compromisos asumidos en la jornada \u201cEl Gobierno en las Provincias\u201d, celebrada este s\u00e1bado y cit\u00f3 como prioridades la terminaci\u00f3n de la de la estancia infantil para ni\u00f1os con condiciones especiales Salom\u00f3n Jorge y el hospital municipal de Villa V\u00e1squez.<\/p>\n\n\n\n<p>Acompa\u00f1ado por la gobernadora Nelsy Cruz, el ministro Santos escuch\u00f3 de las autoridades civiles, l\u00edderes pol\u00edticos y comunitarios, las principales necesidades de la provincia, as\u00ed como los proyectos que requieren iniciarse o recibir seguimiento.<\/p>\n\n\n\n<p>\u201cLa provincial de Montecristi tiene una cantidad de proyectos, que estaremos trabajando en coordinaci\u00f3n con los ministerios y las agencias del Estado para beneficio de los residentes de este territorio del pa\u00eds\u201d, indic\u00f3.<\/p>\n\n\n\n<p>En ese sentido, manifest\u00f3 que el hospital de Villa V\u00e1zquez presenta un avance importante, por lo que ser\u00e1 concluido para ser puesto en funcionamiento para el primer trimestre de 2026.<\/p>\n\n\n\n<p>\u201cLa pr\u00f3xima semana traeremos a la provincia 600 luminarias para el alumbrado p\u00fablico, que ser\u00e1n distribuidas en los territorios con mayor necesidad,\u201d expres\u00f3 Santos durante una reuni\u00f3n con las principales autoridades locales, realizada en la Gobernaci\u00f3n provincial.<\/p>\n\n\n\n<p>El ministro afirm\u00f3 que el objetivo del Gobierno es priorizar los trabajos que puedan ejecutarse de inmediato, como la mejora del alumbrado p\u00fablico, para lo cual solicit\u00f3 a los alcaldes realizar levantamientos en sus municipios y as\u00ed definir las \u00e1reas que requieren intervenci\u00f3n.<\/p>\n\n\n\n<p><strong>Reuniones y recorridos<\/strong><\/p>\n\n\n\n<p>Como parte de la jornada, el ministro Santos sostuvo una reuni\u00f3n con el Consejo Provincial de Montecristi, para conversar sobre los planes gubernamentales en la zona. Adem\u00e1s, se realiz\u00f3 un encuentro con la prensa, un almuerzo con l\u00edderes religiosos y un recorrido por los proyectos en ejecuci\u00f3n, entre ellos, la construcci\u00f3n de la estancia infantil especial Salom\u00f3n Jorge y el hospital municipal de Villa V\u00e1squez.<\/p>\n\n\n\n<p>Joel Santos estuvo acompa\u00f1ado por Carmen Minaya, directora de Gabinete del Ministerio de Energ\u00eda y Minas; Joel Ram\u00edrez, asesor ministerial y Vladimir Ozorio, director de Gesti\u00f3n Social.<\/p>\n\n\n\n<p>De su lado, la gobernadora Nelsy Cruz expres\u00f3 su satisfacci\u00f3n con la jornada y explic\u00f3 la importancia de que los requerimientos sean tramitados de forma detallada y precisa para facilitar el apoyo de cada instituci\u00f3n en sus \u00e1reas correspondientes.<\/p>\n\n\n\n<p>\u201cEsta iniciativa llega en un momento oportuno. Hago un llamado a todas las instituciones p\u00fablicas para que trabajemos en equipo y cumplamos con las expectativas de la poblaci\u00f3n\u201d.<\/p>\n\n\n\n<p>En los encuentros participaron el senador de Montecristi, Bernardo Alem\u00e1n; el director ejecutivo del Consejo de Coordinaci\u00f3n de la Zona Especial de Desarrollo Fronterizo (CCDF), Erodis D\u00edaz; los alcaldes de San Fernando, Jes\u00fas Jerez, de Casta\u00f1uelas, Winston \u00c1lvarez; de Villa V\u00e1squez, Henry Castro; de Pepillo Salcedo, Guaro Metz; Guayub\u00edn, C\u00e9sar Molina; y Las Matas de Santa Cruz, Virgilio Cruz.<\/p>\n\n\n\n<p>Tambi\u00e9n estuvieron presentes los diputados Rosendy Polanco y Yohanny Mart\u00ednez, as\u00ed como representantes de gremios y entidades comunitarias.<\/p>\n\n\n\n<p><\/p>\n","protected":false},"excerpt":{"rendered":"<p>Montecristi.-\u00a0El Ministro de Energ\u00eda y Minas, Joel Santos, anunci\u00f3 la instalaci\u00f3n de 600 l\u00e1mparas para&hellip;<\/p>\n","protected":false},"author":2,"featured_media":72383,"comment_status":"open","ping_status":"open","sticky":false,"template":"","format":"standard","meta":{"footnotes":""},"categories":[57],"tags":[],"class_list":["post-72380","post","type-post","status-publish","format-standard","has-post-thumbnail","hentry","category-montecristi"],"_links":{"self":[{"href":"https:\/\/eldiarioantillano.com\/uno\/wp-json\/wp\/v2\/posts\/72380","targetHints":{"allow":["GET"]}}],"collection":[{"href":"https:\/\/eldiarioantillano.com\/uno\/wp-json\/wp\/v2\/posts"}],"about":[{"href":"https:\/\/eldiarioantillano.com\/uno\/wp-json\/wp\/v2\/types\/post"}],"author":[{"embeddable":true,"href":"https:\/\/eldiarioantillano.com\/uno\/wp-json\/wp\/v2\/users\/2"}],"replies":[{"embeddable":true,"href":"https:\/\/eldiarioantillano.com\/uno\/wp-json\/wp\/v2\/comments?post=72380"}],"version-history":[{"count":1,"href":"https:\/\/eldiarioantillano.com\/uno\/wp-json\/wp\/v2\/posts\/72380\/revisions"}],"predecessor-version":[{"id":72384,"href":"https:\/\/eldiarioantillano.com\/uno\/wp-json\/wp\/v2\/posts\/72380\/revisions\/72384"}],"wp:featuredmedia":[{"embeddable":true,"href":"https:\/\/eldiarioantillano.com\/uno\/wp-json\/wp\/v2\/media\/72383"}],"wp:attachment":[{"href":"https:\/\/eldiarioantillano.com\/uno\/wp-json\/wp\/v2\/media?parent=72380"}],"wp:term":[{"taxonomy":"category","embeddable":true,"href":"https:\/\/eldiarioantillano.com\/uno\/wp-json\/wp\/v2\/categories?post=72380"},{"taxonomy":"post_tag","embeddable":true,"href":"https:\/\/eldiarioantillano.com\/uno\/wp-json\/wp\/v2\/tags?post=72380"}],"curies":[{"name":"wp","href":"https:\/\/api.w.org\/{rel}","templated":true}]}}