{"id":72370,"date":"2025-04-01T00:00:00","date_gmt":"2025-04-01T04:00:00","guid":{"rendered":"https:\/\/eldiarioantillano.com\/uno\/?p=72370"},"modified":"2025-03-31T19:18:31","modified_gmt":"2025-03-31T23:18:31","slug":"coopnama-amplia-vinculos-internacionales-para-elevar-formacion-de-maestros","status":"publish","type":"post","link":"https:\/\/eldiarioantillano.com\/uno\/2025\/04\/01\/coopnama-amplia-vinculos-internacionales-para-elevar-formacion-de-maestros\/","title":{"rendered":"Coopnama ampl\u00eda v\u00ednculos internacionales para elevar formaci\u00f3n de maestros"},"content":{"rendered":"\n<p>El profesor Santiago Portes (centro), presidente del consejo de administraci\u00f3n de Coopnama, se reuni\u00f3 con la se\u00f1ora Indhira Elliot, presidenta de Camino RD ODS y directora regional del Instituto de Investigaci\u00f3n en Pol\u00edticas P\u00fablicas y Diplomacia de EU, y otros ejecutivos con quienes habl\u00f3 sobre oportunidades de becas internacionales y de formaci\u00f3n magisterial.\u00a0<\/p>\n\n\n\n<p><\/p>\n","protected":false},"excerpt":{"rendered":"<p>El profesor Santiago Portes (centro), presidente del consejo de administraci\u00f3n de Coopnama, se reuni\u00f3 con&hellip;<\/p>\n","protected":false},"author":2,"featured_media":72371,"comment_status":"open","ping_status":"open","sticky":false,"template":"","format":"standard","meta":{"footnotes":""},"categories":[55],"tags":[],"class_list":["post-72370","post","type-post","status-publish","format-standard","has-post-thumbnail","hentry","category-nacionales"],"_links":{"self":[{"href":"https:\/\/eldiarioantillano.com\/uno\/wp-json\/wp\/v2\/posts\/72370","targetHints":{"allow":["GET"]}}],"collection":[{"href":"https:\/\/eldiarioantillano.com\/uno\/wp-json\/wp\/v2\/posts"}],"about":[{"href":"https:\/\/eldiarioantillano.com\/uno\/wp-json\/wp\/v2\/types\/post"}],"author":[{"embeddable":true,"href":"https:\/\/eldiarioantillano.com\/uno\/wp-json\/wp\/v2\/users\/2"}],"replies":[{"embeddable":true,"href":"https:\/\/eldiarioantillano.com\/uno\/wp-json\/wp\/v2\/comments?post=72370"}],"version-history":[{"count":3,"href":"https:\/\/eldiarioantillano.com\/uno\/wp-json\/wp\/v2\/posts\/72370\/revisions"}],"predecessor-version":[{"id":72379,"href":"https:\/\/eldiarioantillano.com\/uno\/wp-json\/wp\/v2\/posts\/72370\/revisions\/72379"}],"wp:featuredmedia":[{"embeddable":true,"href":"https:\/\/eldiarioantillano.com\/uno\/wp-json\/wp\/v2\/media\/72371"}],"wp:attachment":[{"href":"https:\/\/eldiarioantillano.com\/uno\/wp-json\/wp\/v2\/media?parent=72370"}],"wp:term":[{"taxonomy":"category","embeddable":true,"href":"https:\/\/eldiarioantillano.com\/uno\/wp-json\/wp\/v2\/categories?post=72370"},{"taxonomy":"post_tag","embeddable":true,"href":"https:\/\/eldiarioantillano.com\/uno\/wp-json\/wp\/v2\/tags?post=72370"}],"curies":[{"name":"wp","href":"https:\/\/api.w.org\/{rel}","templated":true}]}}