{"id":72362,"date":"2025-04-01T00:02:00","date_gmt":"2025-04-01T04:02:00","guid":{"rendered":"https:\/\/eldiarioantillano.com\/uno\/?p=72362"},"modified":"2025-03-31T18:54:49","modified_gmt":"2025-03-31T22:54:49","slug":"cultura-anuncia-los-ganadores-del-desfile-nacional-de-carnaval-2025","status":"publish","type":"post","link":"https:\/\/eldiarioantillano.com\/uno\/2025\/04\/01\/cultura-anuncia-los-ganadores-del-desfile-nacional-de-carnaval-2025\/","title":{"rendered":"Cultura anuncia los ganadores del Desfile Nacional de Carnaval 2025"},"content":{"rendered":"\n<p><em>El Gran Premio lo obtuvo la comparsa\u00a0Santiago es Le\u00f1a y Carnaval, agrupaci\u00f3n que recibir\u00e1 una dotaci\u00f3n de un mill\u00f3n de pesos\u00a0<\/em><\/p>\n\n\n\n<p><strong>Santo Domingo.-<\/strong>&nbsp;El Ministerio de Cultura anunci\u00f3 los ganadores del Desfile Nacional de Carnaval (DNC) 2025, el cual, con la participaci\u00f3n de m\u00e1s de 160 comparsas, carrozas y personajes individuales de las distintas provincias del pa\u00eds, tuvo lugar el pasado domingo 23 de marzo en la avenida George Washington de Santo Domingo.<\/p>\n\n\n\n<p>El Gran Premio fue otorgado a la comparsa Santiago es Le\u00f1a y Carnaval, agrupaci\u00f3n que recibir\u00e1 una dotaci\u00f3n de un mill\u00f3n de pesos.&nbsp;Asimismo, se concedieron premios en 10 categor\u00edas, cuyas cuant\u00edas oscilan entre RD$25,000 y RD$200,000.<\/p>\n\n\n\n<p><strong>Ganadores<\/strong>&nbsp;<strong>en las distintas categor\u00edas<\/strong><\/p>\n\n\n\n<p>En la categor\u00eda Fantas\u00eda, la comparsa Ra\u00edces Doradas obtuvo el primer lugar, en tanto que la agrupaci\u00f3n Fabuloso Brasil qued\u00f3 en segundo lugar, seguida de Fantas\u00eda de una Tradici\u00f3n Calif\u00e9 \u201cOrgullosamente Dominicano\u201d, que se alz\u00f3 con el tercero. &nbsp;&nbsp;&nbsp;&nbsp;&nbsp;&nbsp;&nbsp;&nbsp;&nbsp;&nbsp;&nbsp;&nbsp;&nbsp;&nbsp;&nbsp;&nbsp;<\/p>\n\n\n\n<p>En el rengl\u00f3n Tradicional, los ganadores fueron Los Guloyas de San Pedro de Macor\u00eds; el segundo lugar fue para Los Brujos de San Juan, y el tercero fue concedido a Tradici\u00f3n y Fantas\u00eda sin L\u00edmites. Por su parte, en la categor\u00eda Hist\u00f3rica, la comparsa Ra\u00edces Africanas fue la ganadora del primer lugar; mientras que Los Demonios del Jefe obtuvieron el segundo, y Sangre Africana, el tercero.<\/p>\n\n\n\n<p>Por lo que se refiere a la categor\u00eda Creatividad Popular, el primer lugar fue para Los Guardianes del Infierno; el segundo lugar fue para Los Sankyjuelos, y en tercera posici\u00f3n quedaron Los Cuervos y sus Mu\u00f1ecos.<\/p>\n\n\n\n<p>En el regl\u00f3n Diablos Tradicional, los premiados fueron, en primer lugar, Santiago es Le\u00f1a y Carnaval, comparsa que tambi\u00e9n fue la ganadora del Gran Premio del desfile; en segundo lugar, Los Taim\u00e1scaros, y, en tercer lugar, Buitres de Villa Duarte.&nbsp;&nbsp;&nbsp;&nbsp;&nbsp;&nbsp;&nbsp;&nbsp;&nbsp;&nbsp;&nbsp;&nbsp;&nbsp;&nbsp;<\/p>\n\n\n\n<p>En la categor\u00eda Diablos Fantas\u00eda, las comparsas ganadoras fueron Fantas\u00eda de un Circo en Carnaval, que qued\u00f3 en primer lugar; Carnaval en el Bosque, que obtuvo la segunda posici\u00f3n, y Los Incomparables de Villa Consuelo, que se hizo con el tercer lugar.&nbsp;&nbsp;<\/p>\n\n\n\n<p>En el regl\u00f3n Al\u00ed Bab\u00e1, la comparsa ganadora del primer lugar fue Fiesta de los Dulces, seguida de Alibab\u00e1 de Invivienda Jaque Mate, con el segundo lugar, y el Los Abusadores de Villa Francisca, con el tercero.<\/p>\n\n\n\n<p>De igual manera, en la categor\u00eda M\u00e1scara, el primer lugar fue concedido a La Musa, el segundo fue para Rey del Mar Poseid\u00f3n, y el tercero fue otorgado a Fantas\u00eda de una Bailarina. Por lo que se refiere a la categor\u00eda Personaje Individual, result\u00f3 ganadora La Cigua Palmera, siendo el segundo lugar para Robalagallina Tradicional Lol\u00f3n, y el tercero para El Carey en Extinci\u00f3n.<\/p>\n\n\n\n<p>Asimismo, en la categor\u00eda Individual Fantas\u00eda, los galardonados fueron El Mago del Bosque, que obtuvo el primer lugar, en tanto que el segundo fue otorgado a Fantas\u00eda de Shaka Zulu, y el tercero, a Fantas\u00eda de un Domador de Dragones.&nbsp;&nbsp;&nbsp;<\/p>\n\n\n\n<p>En esta edici\u00f3n del Desfile Nacional de Carnaval, el jurado estuvo integrado por los especialistas en folklore y expresiones culturales&nbsp;Luisa Mateo Dicl\u00f3, como presidenta; Awilda Reyes, Xiomara P\u00e9rez, Alfonso Garc\u00eda, Jorge Guigni, Pedro Julio de la Rosa, Richard V\u00e1squez, Carmen Manuela F\u00e9liz, Zoraida Aracena, Francisco Medina, Julio Encarnaci\u00f3n, Carlos And\u00fajar, Iris de Mondesert, Edis S\u00e1nchez y Lissa Vi\u00f1as. innovaci\u00f3n y el desarrollo del sector cultural en las comunidades, promoviendo una gesti\u00f3n eficiente y sostenible de los proyectos culturales\u00a0en\u00a0el\u00a0pa\u00eds.<\/p>\n","protected":false},"excerpt":{"rendered":"<p>El Gran Premio lo obtuvo la comparsa\u00a0Santiago es Le\u00f1a y Carnaval, agrupaci\u00f3n que recibir\u00e1 una&hellip;<\/p>\n","protected":false},"author":2,"featured_media":72363,"comment_status":"open","ping_status":"open","sticky":false,"template":"","format":"standard","meta":{"footnotes":""},"categories":[63,55],"tags":[],"class_list":["post-72362","post","type-post","status-publish","format-standard","has-post-thumbnail","hentry","category-cultura","category-nacionales"],"_links":{"self":[{"href":"https:\/\/eldiarioantillano.com\/uno\/wp-json\/wp\/v2\/posts\/72362","targetHints":{"allow":["GET"]}}],"collection":[{"href":"https:\/\/eldiarioantillano.com\/uno\/wp-json\/wp\/v2\/posts"}],"about":[{"href":"https:\/\/eldiarioantillano.com\/uno\/wp-json\/wp\/v2\/types\/post"}],"author":[{"embeddable":true,"href":"https:\/\/eldiarioantillano.com\/uno\/wp-json\/wp\/v2\/users\/2"}],"replies":[{"embeddable":true,"href":"https:\/\/eldiarioantillano.com\/uno\/wp-json\/wp\/v2\/comments?post=72362"}],"version-history":[{"count":1,"href":"https:\/\/eldiarioantillano.com\/uno\/wp-json\/wp\/v2\/posts\/72362\/revisions"}],"predecessor-version":[{"id":72364,"href":"https:\/\/eldiarioantillano.com\/uno\/wp-json\/wp\/v2\/posts\/72362\/revisions\/72364"}],"wp:featuredmedia":[{"embeddable":true,"href":"https:\/\/eldiarioantillano.com\/uno\/wp-json\/wp\/v2\/media\/72363"}],"wp:attachment":[{"href":"https:\/\/eldiarioantillano.com\/uno\/wp-json\/wp\/v2\/media?parent=72362"}],"wp:term":[{"taxonomy":"category","embeddable":true,"href":"https:\/\/eldiarioantillano.com\/uno\/wp-json\/wp\/v2\/categories?post=72362"},{"taxonomy":"post_tag","embeddable":true,"href":"https:\/\/eldiarioantillano.com\/uno\/wp-json\/wp\/v2\/tags?post=72362"}],"curies":[{"name":"wp","href":"https:\/\/api.w.org\/{rel}","templated":true}]}}