{"id":72355,"date":"2025-03-31T00:45:31","date_gmt":"2025-03-31T04:45:31","guid":{"rendered":"https:\/\/eldiarioantillano.com\/uno\/?p=72355"},"modified":"2025-03-31T00:45:32","modified_gmt":"2025-03-31T04:45:32","slug":"dirigente-choferil-de-santiago-rinde-homenaje-a-jose-marti-en-montecristi","status":"publish","type":"post","link":"https:\/\/eldiarioantillano.com\/uno\/2025\/03\/31\/dirigente-choferil-de-santiago-rinde-homenaje-a-jose-marti-en-montecristi\/","title":{"rendered":"Dirigente choferil de Santiago rinde homenaje a Jos\u00e9 Mart\u00ed en Montecristi"},"content":{"rendered":"\n<p>Divino Castillo, dirigente de la Federaci\u00f3n de Transporte la Nueva Opci\u00f3n en el Cibao, estuvo frente al monumento a Mart\u00ed, ubicado en el lugar desde donde sali\u00f3 con M\u00e1ximo G\u00f3mez a la guerra en Cuba en 1895.&nbsp;<\/p>\n","protected":false},"excerpt":{"rendered":"<p>Divino Castillo, dirigente de la Federaci\u00f3n de Transporte la Nueva Opci\u00f3n en el Cibao, estuvo&hellip;<\/p>\n","protected":false},"author":2,"featured_media":72353,"comment_status":"open","ping_status":"open","sticky":false,"template":"","format":"standard","meta":{"footnotes":""},"categories":[57],"tags":[],"class_list":["post-72355","post","type-post","status-publish","format-standard","has-post-thumbnail","hentry","category-montecristi"],"_links":{"self":[{"href":"https:\/\/eldiarioantillano.com\/uno\/wp-json\/wp\/v2\/posts\/72355","targetHints":{"allow":["GET"]}}],"collection":[{"href":"https:\/\/eldiarioantillano.com\/uno\/wp-json\/wp\/v2\/posts"}],"about":[{"href":"https:\/\/eldiarioantillano.com\/uno\/wp-json\/wp\/v2\/types\/post"}],"author":[{"embeddable":true,"href":"https:\/\/eldiarioantillano.com\/uno\/wp-json\/wp\/v2\/users\/2"}],"replies":[{"embeddable":true,"href":"https:\/\/eldiarioantillano.com\/uno\/wp-json\/wp\/v2\/comments?post=72355"}],"version-history":[{"count":1,"href":"https:\/\/eldiarioantillano.com\/uno\/wp-json\/wp\/v2\/posts\/72355\/revisions"}],"predecessor-version":[{"id":72356,"href":"https:\/\/eldiarioantillano.com\/uno\/wp-json\/wp\/v2\/posts\/72355\/revisions\/72356"}],"wp:featuredmedia":[{"embeddable":true,"href":"https:\/\/eldiarioantillano.com\/uno\/wp-json\/wp\/v2\/media\/72353"}],"wp:attachment":[{"href":"https:\/\/eldiarioantillano.com\/uno\/wp-json\/wp\/v2\/media?parent=72355"}],"wp:term":[{"taxonomy":"category","embeddable":true,"href":"https:\/\/eldiarioantillano.com\/uno\/wp-json\/wp\/v2\/categories?post=72355"},{"taxonomy":"post_tag","embeddable":true,"href":"https:\/\/eldiarioantillano.com\/uno\/wp-json\/wp\/v2\/tags?post=72355"}],"curies":[{"name":"wp","href":"https:\/\/api.w.org\/{rel}","templated":true}]}}