{"id":72351,"date":"2025-03-31T00:44:51","date_gmt":"2025-03-31T04:44:51","guid":{"rendered":"https:\/\/eldiarioantillano.com\/uno\/?p=72351"},"modified":"2025-03-31T00:44:52","modified_gmt":"2025-03-31T04:44:52","slug":"comunidad-palestina-en-puerto-rico-alza-su-voz-contra-el-genocidio","status":"publish","type":"post","link":"https:\/\/eldiarioantillano.com\/uno\/2025\/03\/31\/comunidad-palestina-en-puerto-rico-alza-su-voz-contra-el-genocidio\/","title":{"rendered":"Comunidad palestina en Puerto Rico alza su voz contra el genocidio"},"content":{"rendered":"\n<p>San Juan, 29 mar (Prensa Latina) En v\u00edspera de conmemorarse el D\u00eda de la Tierra Palestina, miembros de esa comunidad en Puerto Rico levantaron hoy la voz por su pueblo, con el respaldo de Madres Contra la Guerra.<\/p>\n\n\n\n<p>\u201cEl D\u00eda de la Tierra Palestina recuerda la masacre de 1976, cuando Israel asesin\u00f3 a seis manifestantes palestinos que protestaban contra la confiscaci\u00f3n de tierras y d\u00e9cadas despu\u00e9s la violencia persiste con una brutalidad amplificada: Gaza ha sido arrasada y la poblaci\u00f3n palestina enfrenta un genocidio transmitido en tiempo real\u201d, expres\u00f3 el portavoz Omar Darwesh.<\/p>\n\n\n\n<p>A\u00f1adi\u00f3 que el 30 de marzo se conmemora el D\u00eda de la Tierra Palestina, una fecha sagrada de memoria y resistencia para el pueblo palestino.<\/p>\n\n\n\n<p>\u201cHoy, desde las calles de San Juan, nos adelantamos a esa conmemoraci\u00f3n para levantar nuestras voces en solidaridad con Gaza, con Cisjordania, con la di\u00e1spora, y con cada rinc\u00f3n del planeta donde la vida palestina lucha por florecer en medio de la ocupaci\u00f3n\u201d, dijo Darwesh durante la protesta que arranc\u00f3 del Capitolio en Puerta de Tierra hasta el Viejo San Juan.<\/p>\n\n\n\n<p>Refiri\u00f3 que desde octubre de 2023, m\u00e1s de 90 mil palestinos han sido asesinados, incluyendo m\u00e1s de 18 mil ni\u00f1os y ni\u00f1as por las fuerzas del Estado de Israel.<\/p>\n\n\n\n<p>Adem\u00e1s, m\u00e1s de 14 mil personas est\u00e1n desaparecidas bajo los escombros, pues Gaza ha sido convertida en una prisi\u00f3n bombardeada: sus hospitales, escuelas, hogares y medios de vida han sido reducidos a ruinas.<\/p>\n\n\n\n<p>\u201cSe han emitido m\u00e1s de 65 \u00f3rdenes de evacuaci\u00f3n, dejando al 80 por ciento de la poblaci\u00f3n desplazada\u201d, record\u00f3 por su parte la doctora Sonia Santiago, portavoz de Madres Contra la Guerra. Manifest\u00f3 que \u201choy marchamos porque el pueblo palestino no est\u00e1 solo; marchamos porque la indiferencia mata y el silencio es complicidad; marchamos porque creemos en un mundo donde ning\u00fan ni\u00f1o crezca sin agua, sin hogar, sin madre; marchamos porque Palestina tiene derecho a vivir, a sanar, y a ser libre\u201d.<\/p>\n\n\n\n<p>Santiago estableci\u00f3 una analog\u00eda con Puerto Rico, un pueblo tambi\u00e9n colonizado, que alza la voz por un futuro sin ocupaci\u00f3n, sin apartheid, y sin genocidio.<\/p>\n\n\n\n<p>\u201cNos unimos al llamado global por el cese al fuego inmediato, el fin de la ocupaci\u00f3n, y el apoyo al movimiento de Boicot, Desinversi\u00f3n y Sanciones (BDS). La Red de Solidaridad con Palestina en Puerto Rico nos unimos a este llamado urgente por la causa del pueblo palestino\u201d, expres\u00f3.<\/p>\n\n\n\n<p>Mientras, Darwesh solicit\u00f3 a la Asamblea Legislativa de Puerto Rico aprobar una resoluci\u00f3n de alto al fuego y el cese del genocidio contra los palestinos, al tiempo que exhort\u00f3 a la gobernadora Jenniffer Gonz\u00e1lez a que desista de su apoyo al gobierno sionista de Benjam\u00edn Netanyahu y se una a este clamor.<\/p>\n\n\n\n<p>lam\/nrm<\/p>\n","protected":false},"excerpt":{"rendered":"<p>San Juan, 29 mar (Prensa Latina) En v\u00edspera de conmemorarse el D\u00eda de la Tierra&hellip;<\/p>\n","protected":false},"author":2,"featured_media":72352,"comment_status":"open","ping_status":"open","sticky":false,"template":"","format":"standard","meta":{"footnotes":""},"categories":[52,53],"tags":[],"class_list":["post-72351","post","type-post","status-publish","format-standard","has-post-thumbnail","hentry","category-internacionales","category-prensa-latina"],"_links":{"self":[{"href":"https:\/\/eldiarioantillano.com\/uno\/wp-json\/wp\/v2\/posts\/72351","targetHints":{"allow":["GET"]}}],"collection":[{"href":"https:\/\/eldiarioantillano.com\/uno\/wp-json\/wp\/v2\/posts"}],"about":[{"href":"https:\/\/eldiarioantillano.com\/uno\/wp-json\/wp\/v2\/types\/post"}],"author":[{"embeddable":true,"href":"https:\/\/eldiarioantillano.com\/uno\/wp-json\/wp\/v2\/users\/2"}],"replies":[{"embeddable":true,"href":"https:\/\/eldiarioantillano.com\/uno\/wp-json\/wp\/v2\/comments?post=72351"}],"version-history":[{"count":1,"href":"https:\/\/eldiarioantillano.com\/uno\/wp-json\/wp\/v2\/posts\/72351\/revisions"}],"predecessor-version":[{"id":72354,"href":"https:\/\/eldiarioantillano.com\/uno\/wp-json\/wp\/v2\/posts\/72351\/revisions\/72354"}],"wp:featuredmedia":[{"embeddable":true,"href":"https:\/\/eldiarioantillano.com\/uno\/wp-json\/wp\/v2\/media\/72352"}],"wp:attachment":[{"href":"https:\/\/eldiarioantillano.com\/uno\/wp-json\/wp\/v2\/media?parent=72351"}],"wp:term":[{"taxonomy":"category","embeddable":true,"href":"https:\/\/eldiarioantillano.com\/uno\/wp-json\/wp\/v2\/categories?post=72351"},{"taxonomy":"post_tag","embeddable":true,"href":"https:\/\/eldiarioantillano.com\/uno\/wp-json\/wp\/v2\/tags?post=72351"}],"curies":[{"name":"wp","href":"https:\/\/api.w.org\/{rel}","templated":true}]}}