{"id":72343,"date":"2025-03-30T00:59:32","date_gmt":"2025-03-30T04:59:32","guid":{"rendered":"https:\/\/eldiarioantillano.com\/uno\/?p=72343"},"modified":"2025-03-30T00:59:33","modified_gmt":"2025-03-30T04:59:33","slug":"manuel-jimenez-participa-en-el-130-aniversario-del-manifiesto-de-montecristi","status":"publish","type":"post","link":"https:\/\/eldiarioantillano.com\/uno\/2025\/03\/30\/manuel-jimenez-participa-en-el-130-aniversario-del-manifiesto-de-montecristi\/","title":{"rendered":"Manuel Jim\u00e9nez participa en el 130 aniversario del Manifiesto de Montecristi"},"content":{"rendered":"\n<p>El reconocido cantautor, Manuel Jim\u00e9nez, estuvo en la casa-museo M\u00e1ximo G\u00f3mez,\u00a0 junto a la artista montecriste\u00f1a Mar\u00eda de los \u00c1ngeles Hurtado (derecha) y la profesora Estela Abreu.\u00a0<\/p>\n","protected":false},"excerpt":{"rendered":"<p>El reconocido cantautor, Manuel Jim\u00e9nez, estuvo en la casa-museo M\u00e1ximo G\u00f3mez,\u00a0 junto a la artista&hellip;<\/p>\n","protected":false},"author":2,"featured_media":72335,"comment_status":"open","ping_status":"open","sticky":false,"template":"","format":"standard","meta":{"footnotes":""},"categories":[57],"tags":[],"class_list":["post-72343","post","type-post","status-publish","format-standard","has-post-thumbnail","hentry","category-montecristi"],"_links":{"self":[{"href":"https:\/\/eldiarioantillano.com\/uno\/wp-json\/wp\/v2\/posts\/72343","targetHints":{"allow":["GET"]}}],"collection":[{"href":"https:\/\/eldiarioantillano.com\/uno\/wp-json\/wp\/v2\/posts"}],"about":[{"href":"https:\/\/eldiarioantillano.com\/uno\/wp-json\/wp\/v2\/types\/post"}],"author":[{"embeddable":true,"href":"https:\/\/eldiarioantillano.com\/uno\/wp-json\/wp\/v2\/users\/2"}],"replies":[{"embeddable":true,"href":"https:\/\/eldiarioantillano.com\/uno\/wp-json\/wp\/v2\/comments?post=72343"}],"version-history":[{"count":1,"href":"https:\/\/eldiarioantillano.com\/uno\/wp-json\/wp\/v2\/posts\/72343\/revisions"}],"predecessor-version":[{"id":72344,"href":"https:\/\/eldiarioantillano.com\/uno\/wp-json\/wp\/v2\/posts\/72343\/revisions\/72344"}],"wp:featuredmedia":[{"embeddable":true,"href":"https:\/\/eldiarioantillano.com\/uno\/wp-json\/wp\/v2\/media\/72335"}],"wp:attachment":[{"href":"https:\/\/eldiarioantillano.com\/uno\/wp-json\/wp\/v2\/media?parent=72343"}],"wp:term":[{"taxonomy":"category","embeddable":true,"href":"https:\/\/eldiarioantillano.com\/uno\/wp-json\/wp\/v2\/categories?post=72343"},{"taxonomy":"post_tag","embeddable":true,"href":"https:\/\/eldiarioantillano.com\/uno\/wp-json\/wp\/v2\/tags?post=72343"}],"curies":[{"name":"wp","href":"https:\/\/api.w.org\/{rel}","templated":true}]}}