{"id":72340,"date":"2025-03-30T00:58:15","date_gmt":"2025-03-30T04:58:15","guid":{"rendered":"https:\/\/eldiarioantillano.com\/uno\/?p=72340"},"modified":"2025-03-30T00:58:16","modified_gmt":"2025-03-30T04:58:16","slug":"menos-dinero-para-matar-el-hambre-en-el-mundo","status":"publish","type":"post","link":"https:\/\/eldiarioantillano.com\/uno\/2025\/03\/30\/menos-dinero-para-matar-el-hambre-en-el-mundo\/","title":{"rendered":"Menos dinero para matar el hambre en el mundo"},"content":{"rendered":"\n<p>Ginebra, (Prensa Latina) El Programa Mundial de Alimentos (PMA) anunci\u00f3 que sus fondos disponibles para 2025 bajaron un 40 por ciento frente al a\u00f1o pasado, lo cual pone en riesgo la ayuda vital a millones de personas hambrientas en el planeta.<\/p>\n\n\n\n<p>La gravedad de los recortes, combinada con un n\u00famero r\u00e9cord de gente necesitada, \u00abconduce a una crisis sin precedentes para decenas de millones de personas en todo el mundo\u00bb, dijo la entidad de Naciones Unidas en un comunicado.<\/p>\n\n\n\n<p>Seg\u00fan la responsable Rania Dagash-Kamara, \u201cel PMA da prioridad a los pa\u00edses con mayores necesidades. Aunque hacemos todo lo que podemos para reducir los costes operativos, no podemos ignorarlo: nos enfrentamos a un abismo financiero con consecuencias potencialmente fatales\u201d, indica el texto.<\/p>\n\n\n\n<p>A lo largo del a\u00f1o, la entidad podr\u00eda atender a unos 58 millones de individuos; es decir, apenas \u201clas 28 operaciones m\u00e1s cr\u00edticas de la agencia debido a una financiaci\u00f3n insuficiente\u201d.<\/p>\n\n\n\n<p>Para 2025 el PMA hab\u00eda previsto auxiliar a unos 123 millones de necesitados, pero ahora teme que apenas podr\u00eda llegar a casi la mitad.<\/p>\n\n\n\n<p>Otras dependencias de Naciones Unidas coinciden en se\u00f1alar que la actual crisis de financiaci\u00f3n humanitaria, exacerbada por la reducci\u00f3n del gasto sanitario de los pa\u00edses de acogida, afecta el alcance de los programas de salud y nutrici\u00f3n e intensifica los peligros de brotes de enfermedades, desnutrici\u00f3n y otros males cr\u00f3nicos.<\/p>\n\n\n\n<p><strong>DESNUTRICI\u00d3N AUMENTA<\/strong><\/p>\n\n\n\n<p>A juicio del PMA, la desnutrici\u00f3n est\u00e1 aumentando \u201cdebido a una ola implacable de crisis globales, incluidos conflictos, inestabilidad econ\u00f3mica y emergencias relacionadas con el clima: en los 15 pa\u00edses m\u00e1s afectados por la desnutrici\u00f3n, 33 millones de ni\u00f1os sufren emaciaci\u00f3n\u201d.<\/p>\n\n\n\n<p>Sin financiaci\u00f3n urgente, el PMA se ver\u00e1 obligado a suspender proyectos de prevenci\u00f3n en pa\u00edses con algunas de las cargas m\u00e1s altas de desnutrici\u00f3n infantil, juzg\u00f3 la instituci\u00f3n.<\/p>\n\n\n\n<p>En Afganist\u00e1n, ejemplific\u00f3, los programas de prevenci\u00f3n cesar\u00e1n en mayo, mientras que en Siria y la Rep\u00fablica Democr\u00e1tica del Congo deber\u00e1n mermar a partir de junio pr\u00f3ximo si no se reciben fondos adicionales.<\/p>\n\n\n\n<p>En Yemen, donde hasta un tercio de los menores de cinco a\u00f1os de edad presentan emaciaci\u00f3n, el PMA solo implement\u00f3 durante los \u00faltimos 12 meses un programa de prevenci\u00f3n en un distrito y este podr\u00eda finalizar en mayo tambi\u00e9n por falta de dinero.<\/p>\n\n\n\n<p>mem\/mjm<\/p>\n","protected":false},"excerpt":{"rendered":"<p>Ginebra, (Prensa Latina) El Programa Mundial de Alimentos (PMA) anunci\u00f3 que sus fondos disponibles para&hellip;<\/p>\n","protected":false},"author":2,"featured_media":72341,"comment_status":"open","ping_status":"open","sticky":false,"template":"","format":"standard","meta":{"footnotes":""},"categories":[52,53],"tags":[],"class_list":["post-72340","post","type-post","status-publish","format-standard","has-post-thumbnail","hentry","category-internacionales","category-prensa-latina"],"_links":{"self":[{"href":"https:\/\/eldiarioantillano.com\/uno\/wp-json\/wp\/v2\/posts\/72340","targetHints":{"allow":["GET"]}}],"collection":[{"href":"https:\/\/eldiarioantillano.com\/uno\/wp-json\/wp\/v2\/posts"}],"about":[{"href":"https:\/\/eldiarioantillano.com\/uno\/wp-json\/wp\/v2\/types\/post"}],"author":[{"embeddable":true,"href":"https:\/\/eldiarioantillano.com\/uno\/wp-json\/wp\/v2\/users\/2"}],"replies":[{"embeddable":true,"href":"https:\/\/eldiarioantillano.com\/uno\/wp-json\/wp\/v2\/comments?post=72340"}],"version-history":[{"count":1,"href":"https:\/\/eldiarioantillano.com\/uno\/wp-json\/wp\/v2\/posts\/72340\/revisions"}],"predecessor-version":[{"id":72342,"href":"https:\/\/eldiarioantillano.com\/uno\/wp-json\/wp\/v2\/posts\/72340\/revisions\/72342"}],"wp:featuredmedia":[{"embeddable":true,"href":"https:\/\/eldiarioantillano.com\/uno\/wp-json\/wp\/v2\/media\/72341"}],"wp:attachment":[{"href":"https:\/\/eldiarioantillano.com\/uno\/wp-json\/wp\/v2\/media?parent=72340"}],"wp:term":[{"taxonomy":"category","embeddable":true,"href":"https:\/\/eldiarioantillano.com\/uno\/wp-json\/wp\/v2\/categories?post=72340"},{"taxonomy":"post_tag","embeddable":true,"href":"https:\/\/eldiarioantillano.com\/uno\/wp-json\/wp\/v2\/tags?post=72340"}],"curies":[{"name":"wp","href":"https:\/\/api.w.org\/{rel}","templated":true}]}}