{"id":72338,"date":"2025-03-30T00:57:06","date_gmt":"2025-03-30T04:57:06","guid":{"rendered":"https:\/\/eldiarioantillano.com\/uno\/?p=72338"},"modified":"2025-03-30T00:57:06","modified_gmt":"2025-03-30T04:57:06","slug":"regimen-de-consecuencias","status":"publish","type":"post","link":"https:\/\/eldiarioantillano.com\/uno\/2025\/03\/30\/regimen-de-consecuencias\/","title":{"rendered":"R\u00e9gimen de consecuencias"},"content":{"rendered":"\n<p>Por PATRICIA ARACHE<br>@patriciarache<\/p>\n\n\n<div class=\"wp-block-image is-style-rounded\">\n<figure class=\"alignright size-thumbnail\"><img decoding=\"async\" width=\"150\" height=\"150\" src=\"https:\/\/eldiarioantillano.com\/uno\/wp-content\/uploads\/2023\/10\/Patricia-Arache-150x150.jpg\" alt=\"\" class=\"wp-image-63965\"\/><figcaption class=\"wp-element-caption\">Patricia Arache<\/figcaption><\/figure>\n<\/div>\n\n\n<p>Desde siempre se ha hablado, una y otra vez, del r\u00e9gimen de consecuencias, un t\u00e9rmino que si se analiza en todo su contexto sobrepasa el aspecto lineal del sistema jur\u00eddico universal para convertirse en un proceso de l\u00f3gica aplicada a cualquier manifestaci\u00f3n de la vida humana.<\/p>\n\n\n\n<p>El concepto de r\u00e9gimen de consecuencias en el \u00e1mbito jur\u00eddico tiene ra\u00edces profundas en la evoluci\u00f3n de la jurisprudencia y la doctrina y su esencia se puede rastrear en las ideas de justicia y responsabilidad que los jurisconsultos romanos y medievales desarrollaron desde la antig\u00fcedad.<\/p>\n\n\n\n<p>El r\u00e9gimen de consecuencias se refiere a c\u00f3mo las normas jur\u00eddicas establecen efectos espec\u00edficos ante determinadas acciones o situaciones, lo que implica sanciones, reparaciones o beneficios, seg\u00fan el cumplimiento o incumplimiento de las leyes.<\/p>\n\n\n\n<p>En el derecho romano, los principios de responsabilidad civil y penal ya implicaban un r\u00e9gimen de consecuencias.<\/p>\n\n\n\n<p>Ulpiano, en sus escritos, abord\u00f3 la importancia de las acciones y sus efectos legales, estableciendo que cada acto deb\u00eda tener una consecuencia proporcional en el marco de la justicia.<\/p>\n\n\n\n<p>Un jurista destacado del siglo XX que fue conocido por su enfoque riguroso y radical en la aplicaci\u00f3n de las consecuencias legales es Hans Kelsen, creador de la teor\u00eda pura del derecho.<\/p>\n\n\n\n<p>Kelsen defendi\u00f3 la idea de que el derecho debe ser aplicado de manera estricta y sin influencias externas, como la moral o la pol\u00edtica y su enfoque se centraba en la estructura normativa del derecho y en c\u00f3mo las normas generan consecuencias espec\u00edficas dentro de un sistema jur\u00eddico.<\/p>\n\n\n\n<p>En Rep\u00fablica Dominicana, parece que se desconoce el significado de aplicar un r\u00e9gimen de consecuencias y la percepci\u00f3n es que prevalece m\u00e1s la pr\u00e1ctica de \u201chacerse de la vista gorda\u201d frente a uno y otro caso, siendo uno de los m\u00e1s graves, frecuentes y fatales el desorden del tr\u00e1nsito en calles y carreteras del pa\u00eds.<\/p>\n\n\n\n<p>Aunque en los pa\u00edses donde se genera esa percepci\u00f3n suele estar relacionada con problemas estructurales y sociales en los sistemas pol\u00edticos y jur\u00eddicos, se debe enfatizar que no es el caso de Rep\u00fablica Dominicana, que en los \u00faltimos a\u00f1os ha transitado un camino hacia el fortalecimiento institucional y democr\u00e1tico.<\/p>\n\n\n\n<p>En un art\u00edculo anterior, refer\u00edamos el caos con el que se desarrolla el tr\u00e1nsito en el pa\u00eds, al que el propio director del Instituto Nacional de Tr\u00e1nsito Terrestre (INTRANT), Milton Morrison, calific\u00f3 en el Senado de la Rep\u00fablica y frente a decenas de c\u00e1maras de televisi\u00f3n nacional como una \u201cpandemia\u201d, que abona m\u00e1s de tres mil muertos por a\u00f1o.<\/p>\n\n\n\n<p>Esos datos colocan al pa\u00eds en la nada envidiable posici\u00f3n de primeros lugares entre las naciones con m\u00e1s accidentes de tr\u00e1nsito y v\u00edctimas mortales, no solo en la regi\u00f3n, sino, en el mundo.<\/p>\n\n\n\n<p>La Ley 63-17 de Movilidad, Transporte Terrestre, Tr\u00e1nsito y Seguridad Vial de Rep\u00fablica Dominicana es relativamente nueva y muchos de sus preceptos no se han aplicado ni siquiera una vez, pero se proponen m\u00e1s leyes.<\/p>\n\n\n\n<p>En el pa\u00eds hay una ley, una disposici\u00f3n o una regulaci\u00f3n para casi todo y no digo todo para dejar un margen razonable a que se haya podido escapar cualquier detalle.<\/p>\n\n\n\n<p>La gente debe saberlo. Hay un volumen considerable de c\u00f3digos y leyes de todo tipo, incluso, para delinear aspectos que parecen simples, pero no los son, como el de lanzar basura y desperdicios en calles, aceras y contenes.<\/p>\n\n\n\n<p>Claro que existen las leyes y la mayor\u00eda trae consigo su r\u00e9gimen de consecuencias, aunque unas cuantas operen solo como enunciados normativos.<\/p>\n\n\n\n<p>Lo malo de todo es que no ha habido quien se decida a gestionar y a aplicar las sanciones que se deriven de las violaciones, ni en el tr\u00e1nsito ni en otros muchos aspectos de la vida nacional. \u00a1Eso es muy grave, grav\u00edsimo!<\/p>\n","protected":false},"excerpt":{"rendered":"<p>Por PATRICIA ARACHE@patriciarache Desde siempre se ha hablado, una y otra vez, del r\u00e9gimen de&hellip;<\/p>\n","protected":false},"author":2,"featured_media":63965,"comment_status":"open","ping_status":"open","sticky":false,"template":"","format":"standard","meta":{"footnotes":""},"categories":[55,51,65],"tags":[],"class_list":["post-72338","post","type-post","status-publish","format-standard","has-post-thumbnail","hentry","category-nacionales","category-opinion","category-patricia-arache"],"_links":{"self":[{"href":"https:\/\/eldiarioantillano.com\/uno\/wp-json\/wp\/v2\/posts\/72338","targetHints":{"allow":["GET"]}}],"collection":[{"href":"https:\/\/eldiarioantillano.com\/uno\/wp-json\/wp\/v2\/posts"}],"about":[{"href":"https:\/\/eldiarioantillano.com\/uno\/wp-json\/wp\/v2\/types\/post"}],"author":[{"embeddable":true,"href":"https:\/\/eldiarioantillano.com\/uno\/wp-json\/wp\/v2\/users\/2"}],"replies":[{"embeddable":true,"href":"https:\/\/eldiarioantillano.com\/uno\/wp-json\/wp\/v2\/comments?post=72338"}],"version-history":[{"count":1,"href":"https:\/\/eldiarioantillano.com\/uno\/wp-json\/wp\/v2\/posts\/72338\/revisions"}],"predecessor-version":[{"id":72339,"href":"https:\/\/eldiarioantillano.com\/uno\/wp-json\/wp\/v2\/posts\/72338\/revisions\/72339"}],"wp:featuredmedia":[{"embeddable":true,"href":"https:\/\/eldiarioantillano.com\/uno\/wp-json\/wp\/v2\/media\/63965"}],"wp:attachment":[{"href":"https:\/\/eldiarioantillano.com\/uno\/wp-json\/wp\/v2\/media?parent=72338"}],"wp:term":[{"taxonomy":"category","embeddable":true,"href":"https:\/\/eldiarioantillano.com\/uno\/wp-json\/wp\/v2\/categories?post=72338"},{"taxonomy":"post_tag","embeddable":true,"href":"https:\/\/eldiarioantillano.com\/uno\/wp-json\/wp\/v2\/tags?post=72338"}],"curies":[{"name":"wp","href":"https:\/\/api.w.org\/{rel}","templated":true}]}}