{"id":72331,"date":"2025-03-30T00:49:30","date_gmt":"2025-03-30T04:49:30","guid":{"rendered":"https:\/\/eldiarioantillano.com\/uno\/?p=72331"},"modified":"2025-03-30T01:14:12","modified_gmt":"2025-03-30T05:14:12","slug":"abinader-y-pn-protegen-paramilitarismo-neofascista","status":"publish","type":"post","link":"https:\/\/eldiarioantillano.com\/uno\/2025\/03\/30\/abinader-y-pn-protegen-paramilitarismo-neofascista\/","title":{"rendered":"Abinader y PN protegen paramilitarismo neofascista, denuncia el Movimiento Caama\u00f1ista"},"content":{"rendered":"\n<p>El grupo pol\u00edtico de izquierda Movimiento Caamalista (MC) asegura que la Polic\u00eda Nacional y el Gobierno aupan a movimientos fascistas dominicanos en su m\u00e1s reciente comunicado. El texto \u00edntegro lo presentamos a continuaci\u00f3n:<\/p>\n\n\n\n<p><\/p>\n\n\n\n<p><em>La marcha neofascista de un falso y violento ultra-nacionalismo huele a sangre y es la expresi\u00f3n de algo muy grave que podr\u00eda devenir en recurrentes tragedias.<\/em><\/p>\n\n\n\n<p><em>Nuestro Movimiento Caama\u00f1ista-MC advierte y alerta sobre las dram\u00e1ticas se\u00f1ales que evidencian, que, en este pa\u00eds, est\u00e1 en marcha un proceso de formaci\u00f3n de un poder dominante integrado por diversas corrientes y grupos ultraconservadores y neofascistas.<\/em><\/p>\n\n\n\n<p><em>Sus fuentes conceptuales son el racismo, espec\u00edficamente el racismo contra la poblaci\u00f3n negra, la xenofobia (odio y represi\u00f3n contra los\/as migrantes haitianos\/as), el machismo, la homofobia, el anticomunismo, el sionismo israel\u00ed y ciertos fundamentalismos religiosos; acompa\u00f1adas de una alta dosis de violencia y de iniciales expresiones PARAMILITARES.<\/em><\/p>\n\n\n\n<p><em>La clase dominante-gobernante -a todos los niveles institucionales y en sus c\u00fapulas militares, policiales, partidistas y empresariales- se est\u00e1 compactando cada vez m\u00e1s alrededor de esas ideas y esas actitudes; potenciadas en mayor grado en este periodo por el ascenso del trumpismo, las maquinaciones de la CIA y el impacto de la extrema derecha continental y sus modelos aberrantes tipo Milei, Bukele, Noboa\u2026<\/em><\/p>\n\n\n\n<p><em>Esa manera de ser, pensar y actuar est\u00e1 presente al interior y en los liderazgos de los partidos tradicionales, del Congreso, de muchas alcald\u00edas, medios de opini\u00f3n, sectas religiosas y entidades como el Instituto Duartiano.<\/em><\/p>\n\n\n\n<p><em>\u00a0Los contenidos de dos proyectos de c\u00f3digo penal presentado en las c\u00e1maras legislativas, alimentan ideol\u00f3gicamente el neofascismo. Su eventual aprobaci\u00f3n le dar\u00eda m\u00e1s est\u00edmulos y m\u00e1s bases legales pervertidas.<\/em><\/p>\n\n\n\n<p><em>En el pasado reciente, aqu\u00ed y en otros pa\u00edses, ideas y actitudes parecidas han nutrido cruzadas represivas de los cuerpos castrenses y grupos paramilitares, con abierta protecci\u00f3n y apoyo de la PN, de la inteligencia militar y los gobiernos de turno.<\/em><\/p>\n\n\n\n<p><em><strong>Ahora se destaca un grupo con uniformes negros, evidentemente armado, que se ha dedicado a provocar, amenazar y agredir violentamente personas y actividades solidarias con los derechos de los inmigrantes, de los\/as descendientes de familias haitianas, de las mujeres dominicanas, de la comunidad gay y actividades de solidaridad con la resistencia palestina<\/strong>.<\/em><\/p>\n\n\n\n<p><strong><em>\u00a0Se trata de un grupo que en este momento ha decidido provocar directamente a miles de trabajadores haitianos radicados aqu\u00ed, en el Este tur\u00edstico del pa\u00eds, que por razones muy justas han denunciado y est\u00e1n protestando por la negativa de maestros constructores y empresarios a pagarles sus salarios retenidos durante varios meses.<\/em><\/strong><\/p>\n\n\n\n<p><em>Ese grupo, en otras oportunidades, ha incitado a quemar viviendas de familias haitianas radicadas aqu\u00ed y a matar o golpear a nacionales haitianos y dominico-haitianos.<\/em><\/p>\n\n\n\n<p><strong><em>En este momento est\u00e1 anunciando irrumpir en una de las grandes barriadas de la zona tur\u00edstica del Este del pa\u00eds habitadas trabajadores de la construcci\u00f3n de origen haitiano y sus familiares; determinaci\u00f3n grupal, ya aprobada por el gobierno, que podr\u00eda derivar en una gran tragedia.<\/em><\/strong><\/p>\n\n\n\n<p><em>Abinader sabe perfectamente que esa organizaci\u00f3n est\u00e1 bien armada y opera como grupo paramilitar e incita abiertamente a movilizarse portando armas y con financiamientos soterrados de sectores de poder.<\/em><\/p>\n\n\n\n<p><em>Sabe, adem\u00e1s, que el fascismo no debe legalizarse ni protegerse, porque eso facilita su expansi\u00f3n y su radicalizaci\u00f3n. El fascismo es criminal y este gobierno y su PN lo est\u00e1 protegiendo.<\/em><\/p>\n\n\n\n<p class=\"has-text-align-center\"><strong>POR LA COMISI\u00d3N DE SEGUIMIENTO DEL MOVIMIENTO CAAMA\u00d1ISTA-MC:<\/strong><\/p>\n\n\n\n<p class=\"has-text-align-center\"><strong>Narciso Isa Conde.<\/strong><\/p>\n\n\n\n<p><\/p>\n","protected":false},"excerpt":{"rendered":"<p>El grupo pol\u00edtico de izquierda Movimiento Caamalista (MC) asegura que la Polic\u00eda Nacional y el&hellip;<\/p>\n","protected":false},"author":2,"featured_media":72347,"comment_status":"open","ping_status":"open","sticky":false,"template":"","format":"standard","meta":{"footnotes":""},"categories":[55,77],"tags":[],"class_list":["post-72331","post","type-post","status-publish","format-standard","has-post-thumbnail","hentry","category-nacionales","category-narciso-isa-conde"],"_links":{"self":[{"href":"https:\/\/eldiarioantillano.com\/uno\/wp-json\/wp\/v2\/posts\/72331","targetHints":{"allow":["GET"]}}],"collection":[{"href":"https:\/\/eldiarioantillano.com\/uno\/wp-json\/wp\/v2\/posts"}],"about":[{"href":"https:\/\/eldiarioantillano.com\/uno\/wp-json\/wp\/v2\/types\/post"}],"author":[{"embeddable":true,"href":"https:\/\/eldiarioantillano.com\/uno\/wp-json\/wp\/v2\/users\/2"}],"replies":[{"embeddable":true,"href":"https:\/\/eldiarioantillano.com\/uno\/wp-json\/wp\/v2\/comments?post=72331"}],"version-history":[{"count":2,"href":"https:\/\/eldiarioantillano.com\/uno\/wp-json\/wp\/v2\/posts\/72331\/revisions"}],"predecessor-version":[{"id":72349,"href":"https:\/\/eldiarioantillano.com\/uno\/wp-json\/wp\/v2\/posts\/72331\/revisions\/72349"}],"wp:featuredmedia":[{"embeddable":true,"href":"https:\/\/eldiarioantillano.com\/uno\/wp-json\/wp\/v2\/media\/72347"}],"wp:attachment":[{"href":"https:\/\/eldiarioantillano.com\/uno\/wp-json\/wp\/v2\/media?parent=72331"}],"wp:term":[{"taxonomy":"category","embeddable":true,"href":"https:\/\/eldiarioantillano.com\/uno\/wp-json\/wp\/v2\/categories?post=72331"},{"taxonomy":"post_tag","embeddable":true,"href":"https:\/\/eldiarioantillano.com\/uno\/wp-json\/wp\/v2\/tags?post=72331"}],"curies":[{"name":"wp","href":"https:\/\/api.w.org\/{rel}","templated":true}]}}